{"id":20237,"date":"2019-05-27T16:34:28","date_gmt":"2019-05-27T16:34:28","guid":{"rendered":"https:\/\/sertv.gob.pa\/crisolfm\/?p=20237"},"modified":"2019-05-27T16:34:28","modified_gmt":"2019-05-27T16:34:28","slug":"el-museo-del-louvre-cerrado-este-lunes-por-un-conflicto-social","status":"publish","type":"post","link":"https:\/\/sertv.gob.pa\/crisolfm\/el-museo-del-louvre-cerrado-este-lunes-por-un-conflicto-social\/","title":{"rendered":"El Museo del Louvre, cerrado este lunes por un conflicto social"},"content":{"rendered":"<p style=\"text-align: justify\">El Museo del Louvre de Par\u00eds, el m\u00e1s visitado del mundo, no abri\u00f3 sus puertas este lunes por la ma\u00f1ana debido a un movimiento de protesta de empleados que denuncian problemas de personal ante la creciente afluencia de visitantes. \u00abEl Louvre se asfixia\u00bb y \u00abel personal constata una degradaci\u00f3n sin precedentes de las condiciones de visita y de trabajo\u00bb, denunci\u00f3 en un comunicado el sindicato Sud Culture Solidaires.<\/p>\n<p style=\"text-align: justify\">\u00abEn 2018, la frecuentaci\u00f3n del Louvre super\u00f3 el list\u00f3n de los 10,2 millones de visitantes. Mientras el p\u00fablico aument\u00f3 m\u00e1s del 20% desde 2009, el palacio no se agrand\u00f3 y los efectivos no cesaron de reducirse\u00bb, afirma el sindicato. \u00abReunidos en asamblea general este lunes, los empleados decidieron ejercer su derecho de retirada y dirigirse a la direcci\u00f3n del museo para expresar su ira\u00bb, agreg\u00f3 el comunicado. La direcci\u00f3n del Louvre confirm\u00f3 a la AFP al final de la ma\u00f1ana que el museo no abri\u00f3 sus puertas, \u00absin m\u00e1s comentario por el momento\u00bb.<\/p>\n<p style=\"text-align: justify\">\u00a0AFP<\/p>\n","protected":false},"excerpt":{"rendered":"<p>El Museo del Louvre de Par\u00eds, el m\u00e1s visitado del <a href=\"https:\/\/sertv.gob.pa\/crisolfm\/el-museo-del-louvre-cerrado-este-lunes-por-un-conflicto-social\/\"> [&#8230;]<\/a><\/p>\n","protected":false},"author":64,"featured_media":20238,"comment_status":"closed","ping_status":"closed","sticky":false,"template":"","format":"standard","meta":{"footnotes":""},"categories":[6],"tags":[],"class_list":["post-20237","post","type-post","status-publish","format-standard","has-post-thumbnail","hentry","category-culturales"],"_links":{"self":[{"href":"https:\/\/sertv.gob.pa\/crisolfm\/wp-json\/wp\/v2\/posts\/20237","targetHints":{"allow":["GET"]}}],"collection":[{"href":"https:\/\/sertv.gob.pa\/crisolfm\/wp-json\/wp\/v2\/posts"}],"about":[{"href":"https:\/\/sertv.gob.pa\/crisolfm\/wp-json\/wp\/v2\/types\/post"}],"author":[{"embeddable":true,"href":"https:\/\/sertv.gob.pa\/crisolfm\/wp-json\/wp\/v2\/users\/64"}],"replies":[{"embeddable":true,"href":"https:\/\/sertv.gob.pa\/crisolfm\/wp-json\/wp\/v2\/comments?post=20237"}],"version-history":[{"count":1,"href":"https:\/\/sertv.gob.pa\/crisolfm\/wp-json\/wp\/v2\/posts\/20237\/revisions"}],"predecessor-version":[{"id":20239,"href":"https:\/\/sertv.gob.pa\/crisolfm\/wp-json\/wp\/v2\/posts\/20237\/revisions\/20239"}],"wp:featuredmedia":[{"embeddable":true,"href":"https:\/\/sertv.gob.pa\/crisolfm\/wp-json\/wp\/v2\/media\/20238"}],"wp:attachment":[{"href":"https:\/\/sertv.gob.pa\/crisolfm\/wp-json\/wp\/v2\/media?parent=20237"}],"wp:term":[{"taxonomy":"category","embeddable":true,"href":"https:\/\/sertv.gob.pa\/crisolfm\/wp-json\/wp\/v2\/categories?post=20237"},{"taxonomy":"post_tag","embeddable":true,"href":"https:\/\/sertv.gob.pa\/crisolfm\/wp-json\/wp\/v2\/tags?post=20237"}],"curies":[{"name":"wp","href":"https:\/\/api.w.org\/{rel}","templated":true}]}}