{"id":20240,"date":"2019-05-27T16:45:43","date_gmt":"2019-05-27T16:45:43","guid":{"rendered":"https:\/\/sertv.gob.pa\/crisolfm\/?p=20240"},"modified":"2019-05-27T16:45:43","modified_gmt":"2019-05-27T16:45:43","slug":"filme-guatemalteco-nuestras-madres-hace-historia-en-cannes","status":"publish","type":"post","link":"https:\/\/sertv.gob.pa\/crisolfm\/filme-guatemalteco-nuestras-madres-hace-historia-en-cannes\/","title":{"rendered":"Filme guatemalteco \u00abNuestras madres\u00bb hace historia en Cannes"},"content":{"rendered":"<p>La pel\u00edcula guatemalteca \u00abNuestras madres\u00bb, del director C\u00e9sar D\u00edaz, hizo historia este s\u00e1bado al ser premiada con la C\u00e1mara de Oro del Festival de Cannes, que recompensa a la mejor &#8216;\u00f3pera prima&#8217;. \u00a0La cinta, la primera que presenta Guatemala en el mayor certamen de cine del mundo, se centra en la b\u00fasqueda de los desaparecidos en las masacres de poblaciones mayas. Ya fue recompensada el mi\u00e9rcoles en la Semana de la Cr\u00edtica, secci\u00f3n en la que compet\u00eda, con el premio de la Sociedad de Autores y Compositores Dram\u00e1ticos de Francia.<\/p>\n<p>D\u00edaz dedic\u00f3 el premio a las \u00ab250.000 v\u00edctimas del genocidio guatemalteco, y a esas mujeres que siguen en pie y que nos dan una gran lecci\u00f3n de vida\u00bb. \u00abNuestras madres\u00bb cuenta la historia de un joven investigador que intenta identificar a v\u00edctimas enterradas en fosas comunes durante la guerra civil, un conflicto que desangr\u00f3 al pa\u00eds centroamericano entre 1960 y 1996 y dej\u00f3 200.000 muertos y desaparecidos.<\/p>\n<p>AFP<\/p>\n","protected":false},"excerpt":{"rendered":"<p>La pel\u00edcula guatemalteca \u00abNuestras madres\u00bb, del director C\u00e9sar D\u00edaz, hizo <a href=\"https:\/\/sertv.gob.pa\/crisolfm\/filme-guatemalteco-nuestras-madres-hace-historia-en-cannes\/\"> [&#8230;]<\/a><\/p>\n","protected":false},"author":64,"featured_media":20241,"comment_status":"closed","ping_status":"closed","sticky":false,"template":"","format":"standard","meta":{"footnotes":""},"categories":[6],"tags":[],"class_list":["post-20240","post","type-post","status-publish","format-standard","has-post-thumbnail","hentry","category-culturales"],"_links":{"self":[{"href":"https:\/\/sertv.gob.pa\/crisolfm\/wp-json\/wp\/v2\/posts\/20240","targetHints":{"allow":["GET"]}}],"collection":[{"href":"https:\/\/sertv.gob.pa\/crisolfm\/wp-json\/wp\/v2\/posts"}],"about":[{"href":"https:\/\/sertv.gob.pa\/crisolfm\/wp-json\/wp\/v2\/types\/post"}],"author":[{"embeddable":true,"href":"https:\/\/sertv.gob.pa\/crisolfm\/wp-json\/wp\/v2\/users\/64"}],"replies":[{"embeddable":true,"href":"https:\/\/sertv.gob.pa\/crisolfm\/wp-json\/wp\/v2\/comments?post=20240"}],"version-history":[{"count":1,"href":"https:\/\/sertv.gob.pa\/crisolfm\/wp-json\/wp\/v2\/posts\/20240\/revisions"}],"predecessor-version":[{"id":20242,"href":"https:\/\/sertv.gob.pa\/crisolfm\/wp-json\/wp\/v2\/posts\/20240\/revisions\/20242"}],"wp:featuredmedia":[{"embeddable":true,"href":"https:\/\/sertv.gob.pa\/crisolfm\/wp-json\/wp\/v2\/media\/20241"}],"wp:attachment":[{"href":"https:\/\/sertv.gob.pa\/crisolfm\/wp-json\/wp\/v2\/media?parent=20240"}],"wp:term":[{"taxonomy":"category","embeddable":true,"href":"https:\/\/sertv.gob.pa\/crisolfm\/wp-json\/wp\/v2\/categories?post=20240"},{"taxonomy":"post_tag","embeddable":true,"href":"https:\/\/sertv.gob.pa\/crisolfm\/wp-json\/wp\/v2\/tags?post=20240"}],"curies":[{"name":"wp","href":"https:\/\/api.w.org\/{rel}","templated":true}]}}