{"id":20255,"date":"2019-05-28T13:36:36","date_gmt":"2019-05-28T13:36:36","guid":{"rendered":"https:\/\/sertv.gob.pa\/crisolfm\/?p=20255"},"modified":"2019-05-28T13:36:36","modified_gmt":"2019-05-28T13:36:36","slug":"danos-menores-ocasionan-vientos-tornadicos-en-puerto-manzanillo","status":"publish","type":"post","link":"https:\/\/sertv.gob.pa\/crisolfm\/danos-menores-ocasionan-vientos-tornadicos-en-puerto-manzanillo\/","title":{"rendered":"Da\u00f1os menores ocasionan vientos torn\u00e1dicos en Puerto Manzanillo"},"content":{"rendered":"<p>El Sistema Nacional de Protecci\u00f3n Civil (Sinaproc) confirm\u00f3 que las costas de la provincia de Col\u00f3n fueron escenario de vientos torn\u00e1dicos que alertaron a los residentes del \u00e1rea, este lunes 27 de mayo. De acuerdo con el Sinaproc se trata de un fen\u00f3meno que ellos denominan \u2018Gustnado\u2019.<\/p>\n<p>El director del Sinaproc, Jos\u00e9 Donderis, inform\u00f3 que los sistemas de emergencia eval\u00faan la zona, y por el momento \u00fanicamente encontraron peque\u00f1os da\u00f1os en algunos veh\u00edculos y en parte del cableado en Puerto Manzanillo.<\/p>\n<p>&nbsp;<\/p>\n<p>&nbsp;<\/p>\n","protected":false},"excerpt":{"rendered":"<p>El Sistema Nacional de Protecci\u00f3n Civil (Sinaproc) confirm\u00f3 que las <a href=\"https:\/\/sertv.gob.pa\/crisolfm\/danos-menores-ocasionan-vientos-tornadicos-en-puerto-manzanillo\/\"> [&#8230;]<\/a><\/p>\n","protected":false},"author":64,"featured_media":20256,"comment_status":"closed","ping_status":"closed","sticky":false,"template":"","format":"standard","meta":{"footnotes":""},"categories":[7],"tags":[],"class_list":["post-20255","post","type-post","status-publish","format-standard","has-post-thumbnail","hentry","category-ecologicas"],"_links":{"self":[{"href":"https:\/\/sertv.gob.pa\/crisolfm\/wp-json\/wp\/v2\/posts\/20255","targetHints":{"allow":["GET"]}}],"collection":[{"href":"https:\/\/sertv.gob.pa\/crisolfm\/wp-json\/wp\/v2\/posts"}],"about":[{"href":"https:\/\/sertv.gob.pa\/crisolfm\/wp-json\/wp\/v2\/types\/post"}],"author":[{"embeddable":true,"href":"https:\/\/sertv.gob.pa\/crisolfm\/wp-json\/wp\/v2\/users\/64"}],"replies":[{"embeddable":true,"href":"https:\/\/sertv.gob.pa\/crisolfm\/wp-json\/wp\/v2\/comments?post=20255"}],"version-history":[{"count":1,"href":"https:\/\/sertv.gob.pa\/crisolfm\/wp-json\/wp\/v2\/posts\/20255\/revisions"}],"predecessor-version":[{"id":20257,"href":"https:\/\/sertv.gob.pa\/crisolfm\/wp-json\/wp\/v2\/posts\/20255\/revisions\/20257"}],"wp:featuredmedia":[{"embeddable":true,"href":"https:\/\/sertv.gob.pa\/crisolfm\/wp-json\/wp\/v2\/media\/20256"}],"wp:attachment":[{"href":"https:\/\/sertv.gob.pa\/crisolfm\/wp-json\/wp\/v2\/media?parent=20255"}],"wp:term":[{"taxonomy":"category","embeddable":true,"href":"https:\/\/sertv.gob.pa\/crisolfm\/wp-json\/wp\/v2\/categories?post=20255"},{"taxonomy":"post_tag","embeddable":true,"href":"https:\/\/sertv.gob.pa\/crisolfm\/wp-json\/wp\/v2\/tags?post=20255"}],"curies":[{"name":"wp","href":"https:\/\/api.w.org\/{rel}","templated":true}]}}