{"id":20258,"date":"2019-05-28T13:42:10","date_gmt":"2019-05-28T13:42:10","guid":{"rendered":"https:\/\/sertv.gob.pa\/crisolfm\/?p=20258"},"modified":"2019-05-28T13:42:10","modified_gmt":"2019-05-28T13:42:10","slug":"debido-a-sismo-de-8-grados-en-peru-suben-a-2-muertos-y-30-heridos","status":"publish","type":"post","link":"https:\/\/sertv.gob.pa\/crisolfm\/debido-a-sismo-de-8-grados-en-peru-suben-a-2-muertos-y-30-heridos\/","title":{"rendered":"Debido a sismo de 8 grados en Per\u00fa suben a 2 muertos y 30 heridos"},"content":{"rendered":"<p>El balance de v\u00edctimas del fuerte sismo de magnitud 8 que remeci\u00f3 el domingo la selva de Per\u00fa se elev\u00f3 a dos muertos y 30 heridos, 15 de ellos en Ecuador, en tanto decenas de viviendas quedaron destruidas, inform\u00f3 este lunes el Centro de Operaciones de Emergencia Nacional (Coen).<\/p>\n<p>\u00abTenemos dos muertos por el sismo. La segunda v\u00edctima del fuerte sismo es un joven de 15 a\u00f1os que sufri\u00f3 un fuerte golpe en la cabeza en regi\u00f3n La Libertad\u00bb, dijo al canal N de televisi\u00f3n Ricardo Seijas, Coordinador del Coen.<\/p>\n<p>El funcionario peruano indic\u00f3 adem\u00e1s que hay 226 familias damnificadas, 228 viviendas inhabitables y 4 colegios colapsados. El gobierno declar\u00f3 por 60 d\u00edas el estado de emergencia en varias zonas de las regiones de Loreto y Cajamarca (norte y noroeste, respectivamente), por los da\u00f1os sufridos en sus infraestructuras y v\u00edas de comunicaci\u00f3n.<\/p>\n<p>&nbsp;<\/p>\n<p>AFP<\/p>\n","protected":false},"excerpt":{"rendered":"<p>El balance de v\u00edctimas del fuerte sismo de magnitud 8 <a href=\"https:\/\/sertv.gob.pa\/crisolfm\/debido-a-sismo-de-8-grados-en-peru-suben-a-2-muertos-y-30-heridos\/\"> [&#8230;]<\/a><\/p>\n","protected":false},"author":64,"featured_media":20259,"comment_status":"closed","ping_status":"closed","sticky":false,"template":"","format":"standard","meta":{"footnotes":""},"categories":[7],"tags":[],"class_list":["post-20258","post","type-post","status-publish","format-standard","has-post-thumbnail","hentry","category-ecologicas"],"_links":{"self":[{"href":"https:\/\/sertv.gob.pa\/crisolfm\/wp-json\/wp\/v2\/posts\/20258","targetHints":{"allow":["GET"]}}],"collection":[{"href":"https:\/\/sertv.gob.pa\/crisolfm\/wp-json\/wp\/v2\/posts"}],"about":[{"href":"https:\/\/sertv.gob.pa\/crisolfm\/wp-json\/wp\/v2\/types\/post"}],"author":[{"embeddable":true,"href":"https:\/\/sertv.gob.pa\/crisolfm\/wp-json\/wp\/v2\/users\/64"}],"replies":[{"embeddable":true,"href":"https:\/\/sertv.gob.pa\/crisolfm\/wp-json\/wp\/v2\/comments?post=20258"}],"version-history":[{"count":1,"href":"https:\/\/sertv.gob.pa\/crisolfm\/wp-json\/wp\/v2\/posts\/20258\/revisions"}],"predecessor-version":[{"id":20260,"href":"https:\/\/sertv.gob.pa\/crisolfm\/wp-json\/wp\/v2\/posts\/20258\/revisions\/20260"}],"wp:featuredmedia":[{"embeddable":true,"href":"https:\/\/sertv.gob.pa\/crisolfm\/wp-json\/wp\/v2\/media\/20259"}],"wp:attachment":[{"href":"https:\/\/sertv.gob.pa\/crisolfm\/wp-json\/wp\/v2\/media?parent=20258"}],"wp:term":[{"taxonomy":"category","embeddable":true,"href":"https:\/\/sertv.gob.pa\/crisolfm\/wp-json\/wp\/v2\/categories?post=20258"},{"taxonomy":"post_tag","embeddable":true,"href":"https:\/\/sertv.gob.pa\/crisolfm\/wp-json\/wp\/v2\/tags?post=20258"}],"curies":[{"name":"wp","href":"https:\/\/api.w.org\/{rel}","templated":true}]}}