{"id":20264,"date":"2019-05-28T14:04:42","date_gmt":"2019-05-28T14:04:42","guid":{"rendered":"https:\/\/sertv.gob.pa\/crisolfm\/?p=20264"},"modified":"2019-05-28T14:04:42","modified_gmt":"2019-05-28T14:04:42","slug":"el-museo-del-holocausto-o-el-recuerdo-de-nuestro-lado-oscuro","status":"publish","type":"post","link":"https:\/\/sertv.gob.pa\/crisolfm\/el-museo-del-holocausto-o-el-recuerdo-de-nuestro-lado-oscuro\/","title":{"rendered":"El Museo del Holocausto o el recuerdo de nuestro lado oscuro"},"content":{"rendered":"<p>Quien se interese por la historia universal y en particular la de la barbarie humana deber\u00eda visitar el Monte Hertl, en Jerusal\u00e9n, Israel. All\u00ed, en la ciudad epicentro de las religiones monote\u00edstas de la Tierra, se encuentra el Museo del Holocausto o Yad Mashem, inaugurado en 1946 en memoria de los millones de jud\u00edos v\u00edctimas del genocidio perpetrado durante la Segunda Guerra Mundial por la Alemania nazi. Es un recorrido por nuestro lado m\u00e1s oscuro que adem\u00e1s nos muestra aquello que compartimos: el instinto o el deseo de resistir de todas las maneras posibles al odio, la violencia y la muerte.<\/p>\n<p>\u00bfC\u00f3mo fue posible que en el coraz\u00f3n de Europa, en la tierra de grandes fil\u00f3sofos, m\u00e9dicos e intelectuales, en pleno siglo XX se diera una cat\u00e1strofe de tal magnitud? Es una pregunta que muchos nos hacemos en silencio tras el shock que significa ver y escuchar estas historias. Much\u00edsimo antes, el poeta alem\u00e1n Heinrich Heine (1797-1856), con un sentido casi premonitorio, hab\u00eda dicho algo que lo puede explicar: \u201cdonde se queman libros se terminan quemando tambi\u00e9n personas\u201d. Es decir, el odio y la intolerancia hacia una persona por su raza, opiniones o incluso estilos de vida diferentes.<\/p>\n<p>&nbsp;<\/p>\n<p>&nbsp;<\/p>\n<p>&nbsp;<\/p>\n","protected":false},"excerpt":{"rendered":"<p>Quien se interese por la historia universal y en particular <a href=\"https:\/\/sertv.gob.pa\/crisolfm\/el-museo-del-holocausto-o-el-recuerdo-de-nuestro-lado-oscuro\/\"> [&#8230;]<\/a><\/p>\n","protected":false},"author":64,"featured_media":20265,"comment_status":"closed","ping_status":"closed","sticky":false,"template":"","format":"standard","meta":{"footnotes":""},"categories":[6],"tags":[],"class_list":["post-20264","post","type-post","status-publish","format-standard","has-post-thumbnail","hentry","category-culturales"],"_links":{"self":[{"href":"https:\/\/sertv.gob.pa\/crisolfm\/wp-json\/wp\/v2\/posts\/20264","targetHints":{"allow":["GET"]}}],"collection":[{"href":"https:\/\/sertv.gob.pa\/crisolfm\/wp-json\/wp\/v2\/posts"}],"about":[{"href":"https:\/\/sertv.gob.pa\/crisolfm\/wp-json\/wp\/v2\/types\/post"}],"author":[{"embeddable":true,"href":"https:\/\/sertv.gob.pa\/crisolfm\/wp-json\/wp\/v2\/users\/64"}],"replies":[{"embeddable":true,"href":"https:\/\/sertv.gob.pa\/crisolfm\/wp-json\/wp\/v2\/comments?post=20264"}],"version-history":[{"count":1,"href":"https:\/\/sertv.gob.pa\/crisolfm\/wp-json\/wp\/v2\/posts\/20264\/revisions"}],"predecessor-version":[{"id":20266,"href":"https:\/\/sertv.gob.pa\/crisolfm\/wp-json\/wp\/v2\/posts\/20264\/revisions\/20266"}],"wp:featuredmedia":[{"embeddable":true,"href":"https:\/\/sertv.gob.pa\/crisolfm\/wp-json\/wp\/v2\/media\/20265"}],"wp:attachment":[{"href":"https:\/\/sertv.gob.pa\/crisolfm\/wp-json\/wp\/v2\/media?parent=20264"}],"wp:term":[{"taxonomy":"category","embeddable":true,"href":"https:\/\/sertv.gob.pa\/crisolfm\/wp-json\/wp\/v2\/categories?post=20264"},{"taxonomy":"post_tag","embeddable":true,"href":"https:\/\/sertv.gob.pa\/crisolfm\/wp-json\/wp\/v2\/tags?post=20264"}],"curies":[{"name":"wp","href":"https:\/\/api.w.org\/{rel}","templated":true}]}}