{"id":20270,"date":"2019-05-28T14:35:29","date_gmt":"2019-05-28T14:35:29","guid":{"rendered":"https:\/\/sertv.gob.pa\/crisolfm\/?p=20270"},"modified":"2019-05-28T14:35:29","modified_gmt":"2019-05-28T14:35:29","slug":"un-viaje-al-arte-contemporaneo-de-america-y-europa-en-museo-del-canal","status":"publish","type":"post","link":"https:\/\/sertv.gob.pa\/crisolfm\/un-viaje-al-arte-contemporaneo-de-america-y-europa-en-museo-del-canal\/","title":{"rendered":"Un viaje al arte contempor\u00e1neo de Am\u00e9rica y Europa en Museo del Canal"},"content":{"rendered":"<p>Suma Financiera, Fundaci\u00f3n Vidarte y el Museo del Canal Interoce\u00e1nico de Panam\u00e1 invitan a la inauguraci\u00f3n de la exhibici\u00f3n de arte contempor\u00e1neo \u2018Di\u00e1logo entre sentidos. Un viaje de la abstracci\u00f3n perceptual entre Am\u00e9rica y Europa&#8217;.<\/p>\n<p>El evento se da en el marco de las celebraciones de los 500 a\u00f1os de la fundaci\u00f3n de la Ciudad de Panam\u00e1. La exhibici\u00f3n abre sus puertas a partir del 31 de mayo hasta el 28 de julio en el Museo del Canal, Casco Antiguo.<\/p>\n","protected":false},"excerpt":{"rendered":"<p>Suma Financiera, Fundaci\u00f3n Vidarte y el Museo del Canal Interoce\u00e1nico <a href=\"https:\/\/sertv.gob.pa\/crisolfm\/un-viaje-al-arte-contemporaneo-de-america-y-europa-en-museo-del-canal\/\"> [&#8230;]<\/a><\/p>\n","protected":false},"author":64,"featured_media":20271,"comment_status":"closed","ping_status":"closed","sticky":false,"template":"","format":"standard","meta":{"footnotes":""},"categories":[6],"tags":[],"class_list":["post-20270","post","type-post","status-publish","format-standard","has-post-thumbnail","hentry","category-culturales"],"_links":{"self":[{"href":"https:\/\/sertv.gob.pa\/crisolfm\/wp-json\/wp\/v2\/posts\/20270","targetHints":{"allow":["GET"]}}],"collection":[{"href":"https:\/\/sertv.gob.pa\/crisolfm\/wp-json\/wp\/v2\/posts"}],"about":[{"href":"https:\/\/sertv.gob.pa\/crisolfm\/wp-json\/wp\/v2\/types\/post"}],"author":[{"embeddable":true,"href":"https:\/\/sertv.gob.pa\/crisolfm\/wp-json\/wp\/v2\/users\/64"}],"replies":[{"embeddable":true,"href":"https:\/\/sertv.gob.pa\/crisolfm\/wp-json\/wp\/v2\/comments?post=20270"}],"version-history":[{"count":1,"href":"https:\/\/sertv.gob.pa\/crisolfm\/wp-json\/wp\/v2\/posts\/20270\/revisions"}],"predecessor-version":[{"id":20272,"href":"https:\/\/sertv.gob.pa\/crisolfm\/wp-json\/wp\/v2\/posts\/20270\/revisions\/20272"}],"wp:featuredmedia":[{"embeddable":true,"href":"https:\/\/sertv.gob.pa\/crisolfm\/wp-json\/wp\/v2\/media\/20271"}],"wp:attachment":[{"href":"https:\/\/sertv.gob.pa\/crisolfm\/wp-json\/wp\/v2\/media?parent=20270"}],"wp:term":[{"taxonomy":"category","embeddable":true,"href":"https:\/\/sertv.gob.pa\/crisolfm\/wp-json\/wp\/v2\/categories?post=20270"},{"taxonomy":"post_tag","embeddable":true,"href":"https:\/\/sertv.gob.pa\/crisolfm\/wp-json\/wp\/v2\/tags?post=20270"}],"curies":[{"name":"wp","href":"https:\/\/api.w.org\/{rel}","templated":true}]}}