{"id":20321,"date":"2019-05-29T14:48:44","date_gmt":"2019-05-29T14:48:44","guid":{"rendered":"https:\/\/sertv.gob.pa\/crisolfm\/?p=20321"},"modified":"2019-05-29T14:48:44","modified_gmt":"2019-05-29T14:48:44","slug":"el-papa-francisco-aboga-por-abandonar-los-combustibles-fosiles","status":"publish","type":"post","link":"https:\/\/sertv.gob.pa\/crisolfm\/el-papa-francisco-aboga-por-abandonar-los-combustibles-fosiles\/","title":{"rendered":"El Papa Francisco aboga por abandonar los combustibles f\u00f3siles"},"content":{"rendered":"<p>El Papa ha instado a blindar la lucha contra el cambio clim\u00e1tico, y en particular, a acabar con \u00aburgencia\u00bb con <strong>la dependencia de combustibles f\u00f3siles<\/strong>. \u00abSeguimos considerando como algo provechoso aquello que amenaza nuestra misma supervivencia\u00bb, ha lamentado.<\/p>\n<p><em>Francisco ha hecho estas reflexiones en la conferencia internacional &#8216;Cambio clim\u00e1tico<\/em> y nueva evidencia de la ciencia, la ingenier\u00eda y la pol\u00edtica&#8217;, organizado por la Pontificia Academia de las Ciencias en el Vaticano. El congreso ha contado con la participaci\u00f3n de la ministra de Econom\u00eda de Espa\u00f1a, Nadia Calvi\u00f1o.<\/p>\n<p>As\u00ed, ha reclamado que se llegue a acuerdos para no seguir con \u00abactividades que est\u00e1n destruyendo\u00bb el planeta. En este sentido, ha pedido que se ponga fin a la \u00ab<strong>dependencia de combustibles f\u00f3siles<\/strong>\u00bb y que se abra \u00abun nuevo cap\u00edtulo de energ\u00eda limpia y segura que use recursos renovables como el viento, el sol y el agua\u00bb.<\/p>\n<p>ECOticias<\/p>\n<p>&nbsp;<\/p>\n","protected":false},"excerpt":{"rendered":"<p>El Papa ha instado a blindar la lucha contra el <a href=\"https:\/\/sertv.gob.pa\/crisolfm\/el-papa-francisco-aboga-por-abandonar-los-combustibles-fosiles\/\"> [&#8230;]<\/a><\/p>\n","protected":false},"author":64,"featured_media":20322,"comment_status":"closed","ping_status":"closed","sticky":false,"template":"","format":"standard","meta":{"footnotes":""},"categories":[7],"tags":[],"class_list":["post-20321","post","type-post","status-publish","format-standard","has-post-thumbnail","hentry","category-ecologicas"],"_links":{"self":[{"href":"https:\/\/sertv.gob.pa\/crisolfm\/wp-json\/wp\/v2\/posts\/20321","targetHints":{"allow":["GET"]}}],"collection":[{"href":"https:\/\/sertv.gob.pa\/crisolfm\/wp-json\/wp\/v2\/posts"}],"about":[{"href":"https:\/\/sertv.gob.pa\/crisolfm\/wp-json\/wp\/v2\/types\/post"}],"author":[{"embeddable":true,"href":"https:\/\/sertv.gob.pa\/crisolfm\/wp-json\/wp\/v2\/users\/64"}],"replies":[{"embeddable":true,"href":"https:\/\/sertv.gob.pa\/crisolfm\/wp-json\/wp\/v2\/comments?post=20321"}],"version-history":[{"count":1,"href":"https:\/\/sertv.gob.pa\/crisolfm\/wp-json\/wp\/v2\/posts\/20321\/revisions"}],"predecessor-version":[{"id":20323,"href":"https:\/\/sertv.gob.pa\/crisolfm\/wp-json\/wp\/v2\/posts\/20321\/revisions\/20323"}],"wp:featuredmedia":[{"embeddable":true,"href":"https:\/\/sertv.gob.pa\/crisolfm\/wp-json\/wp\/v2\/media\/20322"}],"wp:attachment":[{"href":"https:\/\/sertv.gob.pa\/crisolfm\/wp-json\/wp\/v2\/media?parent=20321"}],"wp:term":[{"taxonomy":"category","embeddable":true,"href":"https:\/\/sertv.gob.pa\/crisolfm\/wp-json\/wp\/v2\/categories?post=20321"},{"taxonomy":"post_tag","embeddable":true,"href":"https:\/\/sertv.gob.pa\/crisolfm\/wp-json\/wp\/v2\/tags?post=20321"}],"curies":[{"name":"wp","href":"https:\/\/api.w.org\/{rel}","templated":true}]}}