{"id":20324,"date":"2019-05-29T14:52:17","date_gmt":"2019-05-29T14:52:17","guid":{"rendered":"https:\/\/sertv.gob.pa\/crisolfm\/?p=20324"},"modified":"2019-05-29T14:52:17","modified_gmt":"2019-05-29T14:52:17","slug":"bornay-presenta-en-intersolar-2019-sus-ultimas-novedades","status":"publish","type":"post","link":"https:\/\/sertv.gob.pa\/crisolfm\/bornay-presenta-en-intersolar-2019-sus-ultimas-novedades\/","title":{"rendered":"Bornay presenta en Intersolar 2019 sus \u00faltimas novedades"},"content":{"rendered":"<p>Bornay Aerogeneradores, dentro de su calendario anual de ferias y eventos, ha participado un a\u00f1o m\u00e1s como expositor en la feria Intersolar 2019, que se ha celebrado del 15 al 17 de mayo en Munich. Intersolar se focaliza en<strong> el campo de la energ\u00eda fotovoltaica<\/strong>, tecnolog\u00edas de energ\u00eda solar t\u00e9rmica y plantas de energ\u00eda solar, as\u00ed como infraestructuras de red y soluciones para la integraci\u00f3n de la energ\u00eda renovable.<\/p>\n<p>En esta edici\u00f3n participaron un total de 1.354 expositores, un 15% m\u00e1s que en 2018, que expusieron sus productos, novedades e innovaciones en un total de 100.000 metros cuadrados. En cuanto a los visitantes, se not\u00f3 un incremento del 8% con un total de 50.000 visitantes profesionales, procedentes de 161 pa\u00edses.<\/p>\n<p>Desde hace varios a\u00f1os, Bornay aprovecha<strong> su participaci\u00f3n en Intersolar<\/strong> para presentar los avances en sus aerogeneradores de peque\u00f1a potencia, piezas que, con la incorporaci\u00f3n de la electr\u00f3nica para el control de las mismas, despiertan gran inter\u00e9s entre los visitantes. Asimismo, Bornay ha presentado su cat\u00e1logo de productos en el que el litio tiene un lugar destacado este a\u00f1o, puesto que est\u00e1 teniendo una amplia demanda.<\/p>\n<p>ECOticias<\/p>\n","protected":false},"excerpt":{"rendered":"<p>Bornay Aerogeneradores, dentro de su calendario anual de ferias y <a href=\"https:\/\/sertv.gob.pa\/crisolfm\/bornay-presenta-en-intersolar-2019-sus-ultimas-novedades\/\"> [&#8230;]<\/a><\/p>\n","protected":false},"author":64,"featured_media":20325,"comment_status":"closed","ping_status":"closed","sticky":false,"template":"","format":"standard","meta":{"footnotes":""},"categories":[7],"tags":[],"class_list":["post-20324","post","type-post","status-publish","format-standard","has-post-thumbnail","hentry","category-ecologicas"],"_links":{"self":[{"href":"https:\/\/sertv.gob.pa\/crisolfm\/wp-json\/wp\/v2\/posts\/20324","targetHints":{"allow":["GET"]}}],"collection":[{"href":"https:\/\/sertv.gob.pa\/crisolfm\/wp-json\/wp\/v2\/posts"}],"about":[{"href":"https:\/\/sertv.gob.pa\/crisolfm\/wp-json\/wp\/v2\/types\/post"}],"author":[{"embeddable":true,"href":"https:\/\/sertv.gob.pa\/crisolfm\/wp-json\/wp\/v2\/users\/64"}],"replies":[{"embeddable":true,"href":"https:\/\/sertv.gob.pa\/crisolfm\/wp-json\/wp\/v2\/comments?post=20324"}],"version-history":[{"count":1,"href":"https:\/\/sertv.gob.pa\/crisolfm\/wp-json\/wp\/v2\/posts\/20324\/revisions"}],"predecessor-version":[{"id":20326,"href":"https:\/\/sertv.gob.pa\/crisolfm\/wp-json\/wp\/v2\/posts\/20324\/revisions\/20326"}],"wp:featuredmedia":[{"embeddable":true,"href":"https:\/\/sertv.gob.pa\/crisolfm\/wp-json\/wp\/v2\/media\/20325"}],"wp:attachment":[{"href":"https:\/\/sertv.gob.pa\/crisolfm\/wp-json\/wp\/v2\/media?parent=20324"}],"wp:term":[{"taxonomy":"category","embeddable":true,"href":"https:\/\/sertv.gob.pa\/crisolfm\/wp-json\/wp\/v2\/categories?post=20324"},{"taxonomy":"post_tag","embeddable":true,"href":"https:\/\/sertv.gob.pa\/crisolfm\/wp-json\/wp\/v2\/tags?post=20324"}],"curies":[{"name":"wp","href":"https:\/\/api.w.org\/{rel}","templated":true}]}}