{"id":20327,"date":"2019-05-30T13:43:25","date_gmt":"2019-05-30T13:43:25","guid":{"rendered":"https:\/\/sertv.gob.pa\/crisolfm\/?p=20327"},"modified":"2019-05-30T13:43:25","modified_gmt":"2019-05-30T13:43:25","slug":"sismo-de-6-6-grados-sacude-el-salvador","status":"publish","type":"post","link":"https:\/\/sertv.gob.pa\/crisolfm\/sismo-de-6-6-grados-sacude-el-salvador\/","title":{"rendered":"Sismo de 6.6 grados sacude El Salvador"},"content":{"rendered":"<p>El <strong>Centro de Operaciones de Emergencias (COE) <\/strong>del <a href=\"https:\/\/www.panamaamerica.com.pa\/tema\/sinaproc\" target=\"_blank\" rel=\"noopener\"><strong>Sistema Nacional de Protecci\u00f3n Civil (Sinaproc)<\/strong><\/a> inform\u00f3 que no existe amenaza de <strong><a href=\"https:\/\/www.panamaamerica.com.pa\/tema\/tsunami\" target=\"_blank\" rel=\"noopener\">tsunami <\/a>para Panam\u00e1<\/strong>, luego de <strong>sismo de 6.6 grados<\/strong> en la <strong>escala abierta de Richter<\/strong> que sacudi\u00f3 <a href=\"https:\/\/www.panamaamerica.com.pa\/tema\/el-salvador\" target=\"_blank\" rel=\"noopener\"><strong>El Salvador<\/strong><\/a> la madrugada de este jueves 30 de mayo.\u00a0 A trav\u00e9s de su cuenta oficial de Twitter, el <strong>Sistema Nacional de Protecci\u00f3n Civil (Sinaproc) <\/strong>confirm\u00f3 que la informaci\u00f3n surge en base al<strong> aviso emitido por el Centro de Informaci\u00f3n de Haw\u00e1i<\/strong>.<\/p>\n<p>Seg\u00fan un <strong>reporte del Servicio Geol\u00f3gico de Estados Unidos (USGS, por sus siglas en ingl\u00e9s)<\/strong>, el <strong>epicentro del sismo se localiz\u00f3 a 27 kil\u00f3metros al sur-sureste de la costa del departamento de La Libertad<\/strong> y tuvo una <strong>profundidad de 65 kil\u00f3metros<\/strong>.<\/p>\n<p>El <strong>Ministerio de Medio Ambiente y Recursos Naturales (MARN) <\/strong>inform\u00f3 de la<strong> posibilidad de amenaza de tsunami en El Salvador<\/strong>. Se\u00f1ala que, en estos momentos, no se han registrado variaciones en el nivel de mar, pero se mantiene la probabilidad de que se den aumentos de 30 cent\u00edmetros, por lo que el monitoreo contin\u00faa. Se han activado protocolos de evacuaci\u00f3n en la costa de <strong>El Salvador<\/strong> por<strong> amenaza de tsunami<\/strong>.<\/p>\n<p>&nbsp;<\/p>\n","protected":false},"excerpt":{"rendered":"<p>El Centro de Operaciones de Emergencias (COE) del Sistema Nacional <a href=\"https:\/\/sertv.gob.pa\/crisolfm\/sismo-de-6-6-grados-sacude-el-salvador\/\"> [&#8230;]<\/a><\/p>\n","protected":false},"author":64,"featured_media":20328,"comment_status":"closed","ping_status":"closed","sticky":false,"template":"","format":"standard","meta":{"footnotes":""},"categories":[7],"tags":[],"class_list":["post-20327","post","type-post","status-publish","format-standard","has-post-thumbnail","hentry","category-ecologicas"],"_links":{"self":[{"href":"https:\/\/sertv.gob.pa\/crisolfm\/wp-json\/wp\/v2\/posts\/20327","targetHints":{"allow":["GET"]}}],"collection":[{"href":"https:\/\/sertv.gob.pa\/crisolfm\/wp-json\/wp\/v2\/posts"}],"about":[{"href":"https:\/\/sertv.gob.pa\/crisolfm\/wp-json\/wp\/v2\/types\/post"}],"author":[{"embeddable":true,"href":"https:\/\/sertv.gob.pa\/crisolfm\/wp-json\/wp\/v2\/users\/64"}],"replies":[{"embeddable":true,"href":"https:\/\/sertv.gob.pa\/crisolfm\/wp-json\/wp\/v2\/comments?post=20327"}],"version-history":[{"count":1,"href":"https:\/\/sertv.gob.pa\/crisolfm\/wp-json\/wp\/v2\/posts\/20327\/revisions"}],"predecessor-version":[{"id":20329,"href":"https:\/\/sertv.gob.pa\/crisolfm\/wp-json\/wp\/v2\/posts\/20327\/revisions\/20329"}],"wp:featuredmedia":[{"embeddable":true,"href":"https:\/\/sertv.gob.pa\/crisolfm\/wp-json\/wp\/v2\/media\/20328"}],"wp:attachment":[{"href":"https:\/\/sertv.gob.pa\/crisolfm\/wp-json\/wp\/v2\/media?parent=20327"}],"wp:term":[{"taxonomy":"category","embeddable":true,"href":"https:\/\/sertv.gob.pa\/crisolfm\/wp-json\/wp\/v2\/categories?post=20327"},{"taxonomy":"post_tag","embeddable":true,"href":"https:\/\/sertv.gob.pa\/crisolfm\/wp-json\/wp\/v2\/tags?post=20327"}],"curies":[{"name":"wp","href":"https:\/\/api.w.org\/{rel}","templated":true}]}}