{"id":20339,"date":"2019-05-30T14:18:50","date_gmt":"2019-05-30T14:18:50","guid":{"rendered":"https:\/\/sertv.gob.pa\/crisolfm\/?p=20339"},"modified":"2019-05-30T14:18:50","modified_gmt":"2019-05-30T14:18:50","slug":"guillermo-del-toro-cineasta-mexicano-exhibe-a-los-monstruos-de-sus-peliculas","status":"publish","type":"post","link":"https:\/\/sertv.gob.pa\/crisolfm\/guillermo-del-toro-cineasta-mexicano-exhibe-a-los-monstruos-de-sus-peliculas\/","title":{"rendered":"Guillermo Del Toro, cineasta mexicano, exhibe a los monstruos de sus pel\u00edculas"},"content":{"rendered":"<p>Figuras de monstruos, prendas de vestuario, sus c\u00f3mics y libros favoritos y borradores de guiones, el oscarizado cineasta mexicano Guillermo del Toro exhibe en su natal Guadalajara 951 piezas del mundo fant\u00e1stico que ide\u00f3 desde su infancia y ha plasmado en sus cintas.<\/p>\n<p>\u00abEn casa con mis monstruos\u00bb es la exhibici\u00f3n presentada este mi\u00e9rcoles por Del Toro en el Museo de la Universidad de Guadalajara, \u00faltima etapa de la muestra tras presentarse en Los \u00c1ngeles, Minneapolis y Toronto. \u00abEs la \u00faltima vez que se expone la obra en ning\u00fan lugar del mundo\u00bb, dijo el director de \u00abLa forma del agua\u00bb, que le vali\u00f3 el premio \u00d3scar a la mejor pel\u00edcula y mejor direcci\u00f3n en 2017.<\/p>\n<p>La muestra se divide en ocho salas: Infancia e inocente; Cuarto de lluvia; Victoriana, Magia y ocultismo; Frankenstein; Los otros\/ Nosotros\/ Los monstruos; y Muerte m\u00e1s all\u00e1.<\/p>\n<p>AFP<\/p>\n","protected":false},"excerpt":{"rendered":"<p>Figuras de monstruos, prendas de vestuario, sus c\u00f3mics y libros <a href=\"https:\/\/sertv.gob.pa\/crisolfm\/guillermo-del-toro-cineasta-mexicano-exhibe-a-los-monstruos-de-sus-peliculas\/\"> [&#8230;]<\/a><\/p>\n","protected":false},"author":64,"featured_media":20340,"comment_status":"closed","ping_status":"closed","sticky":false,"template":"","format":"standard","meta":{"footnotes":""},"categories":[6],"tags":[],"class_list":["post-20339","post","type-post","status-publish","format-standard","has-post-thumbnail","hentry","category-culturales"],"_links":{"self":[{"href":"https:\/\/sertv.gob.pa\/crisolfm\/wp-json\/wp\/v2\/posts\/20339","targetHints":{"allow":["GET"]}}],"collection":[{"href":"https:\/\/sertv.gob.pa\/crisolfm\/wp-json\/wp\/v2\/posts"}],"about":[{"href":"https:\/\/sertv.gob.pa\/crisolfm\/wp-json\/wp\/v2\/types\/post"}],"author":[{"embeddable":true,"href":"https:\/\/sertv.gob.pa\/crisolfm\/wp-json\/wp\/v2\/users\/64"}],"replies":[{"embeddable":true,"href":"https:\/\/sertv.gob.pa\/crisolfm\/wp-json\/wp\/v2\/comments?post=20339"}],"version-history":[{"count":1,"href":"https:\/\/sertv.gob.pa\/crisolfm\/wp-json\/wp\/v2\/posts\/20339\/revisions"}],"predecessor-version":[{"id":20341,"href":"https:\/\/sertv.gob.pa\/crisolfm\/wp-json\/wp\/v2\/posts\/20339\/revisions\/20341"}],"wp:featuredmedia":[{"embeddable":true,"href":"https:\/\/sertv.gob.pa\/crisolfm\/wp-json\/wp\/v2\/media\/20340"}],"wp:attachment":[{"href":"https:\/\/sertv.gob.pa\/crisolfm\/wp-json\/wp\/v2\/media?parent=20339"}],"wp:term":[{"taxonomy":"category","embeddable":true,"href":"https:\/\/sertv.gob.pa\/crisolfm\/wp-json\/wp\/v2\/categories?post=20339"},{"taxonomy":"post_tag","embeddable":true,"href":"https:\/\/sertv.gob.pa\/crisolfm\/wp-json\/wp\/v2\/tags?post=20339"}],"curies":[{"name":"wp","href":"https:\/\/api.w.org\/{rel}","templated":true}]}}