{"id":20354,"date":"2019-05-30T15:21:20","date_gmt":"2019-05-30T15:21:20","guid":{"rendered":"https:\/\/sertv.gob.pa\/crisolfm\/?p=20354"},"modified":"2019-05-30T15:21:20","modified_gmt":"2019-05-30T15:21:20","slug":"hyundai-presenta-un-autobus-electrico-de-dos-pisos","status":"publish","type":"post","link":"https:\/\/sertv.gob.pa\/crisolfm\/hyundai-presenta-un-autobus-electrico-de-dos-pisos\/","title":{"rendered":"Hyundai presenta un autob\u00fas el\u00e9ctrico de dos pisos"},"content":{"rendered":"<p>Hyundai Motor ha presentado, en la Feria de Tecnolog\u00eda de Tierra, Infraestructura y Transporte de Corea del Sur, <strong>un autob\u00fas el\u00e9ctrico<\/strong> de dos pisos, con una bater\u00eda de 384 kilovatios hora refrigerada por agua y que logra una autonom\u00eda de 300 kil\u00f3metros con una sola carga. Seg\u00fan inform\u00f3 la firma surcoreana en un comunicado, <em>el tiempo estimado de carga de la bater\u00eda <\/em>es de 72 minutos y el autob\u00fas tiene un espacio para 70 pasajeros, divididos en 11 asientos en el primer piso y 59 en el segundo.<\/p>\n<p><strong>El autob\u00fas el\u00e9ctrico de Hyundai<\/strong> tiene una longitud de 12,9 metros y una altura de 3,9 metros. Funciona con una suspensi\u00f3n independiente en el eje delantero y en el eje trasero tiene un motor de 240 kilovatios. Adem\u00e1s, est\u00e1 equipado con control din\u00e1mico del veh\u00edculo, asistente para evitar colisiones y asistente de mantenimiento de carril. <em>Hyundai ha trabajado durante 18 meses<\/em> para desarrollar su primer autob\u00fas el\u00e9ctrico de dos pisos y ha contado con el apoyo del Ministerio de Tierra, Infraestructura y Transporte de Corea.<\/p>\n<p>\u00abEl autob\u00fas el\u00e9ctrico de <strong>dos pisos es un veh\u00edculo ecol\u00f3gico<\/strong> optimizado con las \u00faltimas tendencias ecol\u00f3gicas globales. Esto no solo mejorar\u00e1 en \u00faltima instancia la calidad del aire, sino que tambi\u00e9n contribuir\u00e1 en gran medida a aliviar la congesti\u00f3n del tr\u00e1fico al trasladar a mayor n\u00famero de pasajeros\u00bb, se\u00f1al\u00f3 el jefe del equipo de ingenier\u00eda avanzada de Veh\u00edculos Comerciales de Hyundai Motor, ByoungWoo Hwang.<\/p>\n<p>ECOticias<\/p>\n","protected":false},"excerpt":{"rendered":"<p>Hyundai Motor ha presentado, en la Feria de Tecnolog\u00eda de <a href=\"https:\/\/sertv.gob.pa\/crisolfm\/hyundai-presenta-un-autobus-electrico-de-dos-pisos\/\"> [&#8230;]<\/a><\/p>\n","protected":false},"author":64,"featured_media":20355,"comment_status":"closed","ping_status":"closed","sticky":false,"template":"","format":"standard","meta":{"footnotes":""},"categories":[7],"tags":[],"class_list":["post-20354","post","type-post","status-publish","format-standard","has-post-thumbnail","hentry","category-ecologicas"],"_links":{"self":[{"href":"https:\/\/sertv.gob.pa\/crisolfm\/wp-json\/wp\/v2\/posts\/20354","targetHints":{"allow":["GET"]}}],"collection":[{"href":"https:\/\/sertv.gob.pa\/crisolfm\/wp-json\/wp\/v2\/posts"}],"about":[{"href":"https:\/\/sertv.gob.pa\/crisolfm\/wp-json\/wp\/v2\/types\/post"}],"author":[{"embeddable":true,"href":"https:\/\/sertv.gob.pa\/crisolfm\/wp-json\/wp\/v2\/users\/64"}],"replies":[{"embeddable":true,"href":"https:\/\/sertv.gob.pa\/crisolfm\/wp-json\/wp\/v2\/comments?post=20354"}],"version-history":[{"count":1,"href":"https:\/\/sertv.gob.pa\/crisolfm\/wp-json\/wp\/v2\/posts\/20354\/revisions"}],"predecessor-version":[{"id":20356,"href":"https:\/\/sertv.gob.pa\/crisolfm\/wp-json\/wp\/v2\/posts\/20354\/revisions\/20356"}],"wp:featuredmedia":[{"embeddable":true,"href":"https:\/\/sertv.gob.pa\/crisolfm\/wp-json\/wp\/v2\/media\/20355"}],"wp:attachment":[{"href":"https:\/\/sertv.gob.pa\/crisolfm\/wp-json\/wp\/v2\/media?parent=20354"}],"wp:term":[{"taxonomy":"category","embeddable":true,"href":"https:\/\/sertv.gob.pa\/crisolfm\/wp-json\/wp\/v2\/categories?post=20354"},{"taxonomy":"post_tag","embeddable":true,"href":"https:\/\/sertv.gob.pa\/crisolfm\/wp-json\/wp\/v2\/tags?post=20354"}],"curies":[{"name":"wp","href":"https:\/\/api.w.org\/{rel}","templated":true}]}}