{"id":20360,"date":"2019-05-30T15:38:01","date_gmt":"2019-05-30T15:38:01","guid":{"rendered":"https:\/\/sertv.gob.pa\/crisolfm\/?p=20360"},"modified":"2019-05-30T15:38:01","modified_gmt":"2019-05-30T15:38:01","slug":"vigilia-por-el-clima","status":"publish","type":"post","link":"https:\/\/sertv.gob.pa\/crisolfm\/vigilia-por-el-clima\/","title":{"rendered":"Vigilia por el clima"},"content":{"rendered":"<p>Un grupo de personas preocupadas por <strong>la situaci\u00f3n ecol\u00f3gica y clim\u00e1tica<\/strong> pasamos la noche del 25 de mayo frente al Congreso de los Diputados. Nos solidarizamos con los cientos de j\u00f3venes que han rodeado el Europarlamento de Bruselas bajo <em>el lema #Occupy4Climate<\/em>. Su protesta es para exigir que las nuevas europarlamentarias tomen las medidas que nos permitan un descenso de emisiones que nos mantenga bajo el umbral de los 1.5\u00baC. Nos encontramos en una situaci\u00f3n de emergencia clim\u00e1tica. Llevan d\u00e9cadas sonando las alarmas que nos indicaban el rumbo que estaba tomando nuestro modelo socioecon\u00f3mico basado en la depredaci\u00f3n de recursos naturales y ecosistemas.<\/p>\n<p>Llevamos d\u00e9cadas desarrollando modos de producci\u00f3n y de vida que nos sit\u00faan fuera de los l\u00edmites ecol\u00f3gicos de nuestro planeta. Se trata de una emergencia y exigimos que se trate como tal. El conjunto de la sociedad debe ser consciente de ello. Los gobiernos deben declarar <strong>el Estado de Emergencia Clim\u00e1tica<\/strong> y empezar a realizar las transformaciones necesarias para evitar las peores consecuencias. Las empresas deben dejar de regirse por criterios de m\u00e1ximo beneficio a costa de nuestro futuro y subordinarse a las transformaciones bajo criterios de justicia clim\u00e1tica.<\/p>\n<p>Por estos motivos y muchos m\u00e1s, frente al ciclo de elecciones que acaba de comenzar, <em>hicimos una vigilia por el clima<\/em> que, esperamos, nos haya impulsado a reflexionar sobre la situaci\u00f3n urgente en la que nos encontramos. El clima y las transiciones ecol\u00f3gicas no pueden seguir siendo un apartado de los programas electorales, sino el proyecto central una d\u00e9cada decisiva.<\/p>\n<p>ECOticias<\/p>\n<p>&nbsp;<\/p>\n<p>&nbsp;<\/p>\n","protected":false},"excerpt":{"rendered":"<p>Un grupo de personas preocupadas por la situaci\u00f3n ecol\u00f3gica y <a href=\"https:\/\/sertv.gob.pa\/crisolfm\/vigilia-por-el-clima\/\"> [&#8230;]<\/a><\/p>\n","protected":false},"author":64,"featured_media":20361,"comment_status":"closed","ping_status":"closed","sticky":false,"template":"","format":"standard","meta":{"footnotes":""},"categories":[7],"tags":[],"class_list":["post-20360","post","type-post","status-publish","format-standard","has-post-thumbnail","hentry","category-ecologicas"],"_links":{"self":[{"href":"https:\/\/sertv.gob.pa\/crisolfm\/wp-json\/wp\/v2\/posts\/20360","targetHints":{"allow":["GET"]}}],"collection":[{"href":"https:\/\/sertv.gob.pa\/crisolfm\/wp-json\/wp\/v2\/posts"}],"about":[{"href":"https:\/\/sertv.gob.pa\/crisolfm\/wp-json\/wp\/v2\/types\/post"}],"author":[{"embeddable":true,"href":"https:\/\/sertv.gob.pa\/crisolfm\/wp-json\/wp\/v2\/users\/64"}],"replies":[{"embeddable":true,"href":"https:\/\/sertv.gob.pa\/crisolfm\/wp-json\/wp\/v2\/comments?post=20360"}],"version-history":[{"count":1,"href":"https:\/\/sertv.gob.pa\/crisolfm\/wp-json\/wp\/v2\/posts\/20360\/revisions"}],"predecessor-version":[{"id":20362,"href":"https:\/\/sertv.gob.pa\/crisolfm\/wp-json\/wp\/v2\/posts\/20360\/revisions\/20362"}],"wp:featuredmedia":[{"embeddable":true,"href":"https:\/\/sertv.gob.pa\/crisolfm\/wp-json\/wp\/v2\/media\/20361"}],"wp:attachment":[{"href":"https:\/\/sertv.gob.pa\/crisolfm\/wp-json\/wp\/v2\/media?parent=20360"}],"wp:term":[{"taxonomy":"category","embeddable":true,"href":"https:\/\/sertv.gob.pa\/crisolfm\/wp-json\/wp\/v2\/categories?post=20360"},{"taxonomy":"post_tag","embeddable":true,"href":"https:\/\/sertv.gob.pa\/crisolfm\/wp-json\/wp\/v2\/tags?post=20360"}],"curies":[{"name":"wp","href":"https:\/\/api.w.org\/{rel}","templated":true}]}}