{"id":20366,"date":"2019-05-31T13:44:10","date_gmt":"2019-05-31T13:44:10","guid":{"rendered":"https:\/\/sertv.gob.pa\/crisolfm\/?p=20366"},"modified":"2019-05-31T13:44:10","modified_gmt":"2019-05-31T13:44:10","slug":"lagartos-mantienen-atemorizados-a-la-comunidad-y-piden-ayuda-a-mi-ambiente","status":"publish","type":"post","link":"https:\/\/sertv.gob.pa\/crisolfm\/lagartos-mantienen-atemorizados-a-la-comunidad-y-piden-ayuda-a-mi-ambiente\/","title":{"rendered":"Lagartos mantienen atemorizados a la comunidad y piden ayuda a Mi Ambiente"},"content":{"rendered":"<p style=\"text-align: justify\">Moradores de las comunidades <strong>Ebenezer y Sagrada Resurecci\u00f3n, <\/strong>ambas en el corregimiento de<strong> Crist\u00f3bal en Col\u00f3n, <\/strong>se mantienen preocupados por la presencia de lagartos en el r\u00edo que atraviesa estos sectores. Jos\u00e9 S\u00e1nchez, morador de Ebenezer relat\u00f3 que con la temporada de lluvia, a la quebrada que pasa detr\u00e1s de su vivienda,<strong> lleg\u00f3 un lagarto que alcanza el metro. <\/strong>A\u00f1adi\u00f3 que \u00e9l est\u00e1 preocupado, porque tienes ni\u00f1os peque\u00f1os, que por su inocencia, pueden estar jugando cerca a la quebrada y ser arrastrados por estos enormes reptiles.<\/p>\n<p style=\"text-align: justify\">De all\u00ed, que<strong> solicit\u00f3 ayuda a Mi Ambiente para que envi\u00e9 personal, para reubicar estos lagartos, que crecen sin control.<\/strong> Los residentes de estas zonas,<strong> se han quejado por la desaparici\u00f3n de perros, gatos, gallinas,<\/strong> las que se le atribuyen a estos reptiles, que los cazan, cuando pasan cerca al r\u00edo de la zona.<\/p>\n","protected":false},"excerpt":{"rendered":"<p>Moradores de las comunidades Ebenezer y Sagrada Resurecci\u00f3n, ambas en <a href=\"https:\/\/sertv.gob.pa\/crisolfm\/lagartos-mantienen-atemorizados-a-la-comunidad-y-piden-ayuda-a-mi-ambiente\/\"> [&#8230;]<\/a><\/p>\n","protected":false},"author":64,"featured_media":20367,"comment_status":"closed","ping_status":"closed","sticky":false,"template":"","format":"standard","meta":{"footnotes":""},"categories":[7],"tags":[],"class_list":["post-20366","post","type-post","status-publish","format-standard","has-post-thumbnail","hentry","category-ecologicas"],"_links":{"self":[{"href":"https:\/\/sertv.gob.pa\/crisolfm\/wp-json\/wp\/v2\/posts\/20366","targetHints":{"allow":["GET"]}}],"collection":[{"href":"https:\/\/sertv.gob.pa\/crisolfm\/wp-json\/wp\/v2\/posts"}],"about":[{"href":"https:\/\/sertv.gob.pa\/crisolfm\/wp-json\/wp\/v2\/types\/post"}],"author":[{"embeddable":true,"href":"https:\/\/sertv.gob.pa\/crisolfm\/wp-json\/wp\/v2\/users\/64"}],"replies":[{"embeddable":true,"href":"https:\/\/sertv.gob.pa\/crisolfm\/wp-json\/wp\/v2\/comments?post=20366"}],"version-history":[{"count":1,"href":"https:\/\/sertv.gob.pa\/crisolfm\/wp-json\/wp\/v2\/posts\/20366\/revisions"}],"predecessor-version":[{"id":20368,"href":"https:\/\/sertv.gob.pa\/crisolfm\/wp-json\/wp\/v2\/posts\/20366\/revisions\/20368"}],"wp:featuredmedia":[{"embeddable":true,"href":"https:\/\/sertv.gob.pa\/crisolfm\/wp-json\/wp\/v2\/media\/20367"}],"wp:attachment":[{"href":"https:\/\/sertv.gob.pa\/crisolfm\/wp-json\/wp\/v2\/media?parent=20366"}],"wp:term":[{"taxonomy":"category","embeddable":true,"href":"https:\/\/sertv.gob.pa\/crisolfm\/wp-json\/wp\/v2\/categories?post=20366"},{"taxonomy":"post_tag","embeddable":true,"href":"https:\/\/sertv.gob.pa\/crisolfm\/wp-json\/wp\/v2\/tags?post=20366"}],"curies":[{"name":"wp","href":"https:\/\/api.w.org\/{rel}","templated":true}]}}