{"id":20381,"date":"2019-05-31T14:39:48","date_gmt":"2019-05-31T14:39:48","guid":{"rendered":"https:\/\/sertv.gob.pa\/crisolfm\/?p=20381"},"modified":"2019-05-31T14:39:48","modified_gmt":"2019-05-31T14:39:48","slug":"xiii-festival-internacional-de-musica-alfredo-de-saint-malo","status":"publish","type":"post","link":"https:\/\/sertv.gob.pa\/crisolfm\/xiii-festival-internacional-de-musica-alfredo-de-saint-malo\/","title":{"rendered":"XIII Festival Internacional de M\u00fasica Alfredo De Saint Malo"},"content":{"rendered":"<p>La Fundaci\u00f3n Sinf\u00f3nica Concertante de Panam\u00e1, mediante la gu\u00eda y el respaldo de instituciones musicales como la Orquesta J\u00f3venes de las Am\u00e9ricas y la Asociaci\u00f3n Nacional de Conciertos, realizar\u00e1n el XIII Festival Internacional de M\u00fasica Alfredo De Saint Malo, un proyecto cultural de integraci\u00f3n musical.<\/p>\n<p>La iniciativa se da en v\u00edspera de la conmemoraci\u00f3n de los 500 a\u00f1os de fundaci\u00f3n de la ciudad de Panam\u00e1. La agenda de actividades que se presentar\u00e1 incluye piezas de compositores paname\u00f1os que han sido reconocidos exponentes de la composici\u00f3n musical y acad\u00e9mica del pa\u00eds. El evento ser\u00e1 hasta el 9 de junio de 2019. Para m\u00e1s informaci\u00f3n, acceder a \u2018https:\/\/www.funsincopa.org\/&#8217;.<\/p>\n","protected":false},"excerpt":{"rendered":"<p>La Fundaci\u00f3n Sinf\u00f3nica Concertante de Panam\u00e1, mediante la gu\u00eda y <a href=\"https:\/\/sertv.gob.pa\/crisolfm\/xiii-festival-internacional-de-musica-alfredo-de-saint-malo\/\"> [&#8230;]<\/a><\/p>\n","protected":false},"author":64,"featured_media":20382,"comment_status":"closed","ping_status":"closed","sticky":false,"template":"","format":"standard","meta":{"footnotes":""},"categories":[6],"tags":[],"class_list":["post-20381","post","type-post","status-publish","format-standard","has-post-thumbnail","hentry","category-culturales"],"_links":{"self":[{"href":"https:\/\/sertv.gob.pa\/crisolfm\/wp-json\/wp\/v2\/posts\/20381","targetHints":{"allow":["GET"]}}],"collection":[{"href":"https:\/\/sertv.gob.pa\/crisolfm\/wp-json\/wp\/v2\/posts"}],"about":[{"href":"https:\/\/sertv.gob.pa\/crisolfm\/wp-json\/wp\/v2\/types\/post"}],"author":[{"embeddable":true,"href":"https:\/\/sertv.gob.pa\/crisolfm\/wp-json\/wp\/v2\/users\/64"}],"replies":[{"embeddable":true,"href":"https:\/\/sertv.gob.pa\/crisolfm\/wp-json\/wp\/v2\/comments?post=20381"}],"version-history":[{"count":1,"href":"https:\/\/sertv.gob.pa\/crisolfm\/wp-json\/wp\/v2\/posts\/20381\/revisions"}],"predecessor-version":[{"id":20383,"href":"https:\/\/sertv.gob.pa\/crisolfm\/wp-json\/wp\/v2\/posts\/20381\/revisions\/20383"}],"wp:featuredmedia":[{"embeddable":true,"href":"https:\/\/sertv.gob.pa\/crisolfm\/wp-json\/wp\/v2\/media\/20382"}],"wp:attachment":[{"href":"https:\/\/sertv.gob.pa\/crisolfm\/wp-json\/wp\/v2\/media?parent=20381"}],"wp:term":[{"taxonomy":"category","embeddable":true,"href":"https:\/\/sertv.gob.pa\/crisolfm\/wp-json\/wp\/v2\/categories?post=20381"},{"taxonomy":"post_tag","embeddable":true,"href":"https:\/\/sertv.gob.pa\/crisolfm\/wp-json\/wp\/v2\/tags?post=20381"}],"curies":[{"name":"wp","href":"https:\/\/api.w.org\/{rel}","templated":true}]}}