{"id":20395,"date":"2019-05-31T15:29:20","date_gmt":"2019-05-31T15:29:20","guid":{"rendered":"https:\/\/sertv.gob.pa\/crisolfm\/?p=20395"},"modified":"2019-05-31T15:29:20","modified_gmt":"2019-05-31T15:29:20","slug":"ya-son-un-millon-de-europeos-en-desacuerdo-con-uso-de-jaulas-para-animales-de-granja","status":"publish","type":"post","link":"https:\/\/sertv.gob.pa\/crisolfm\/ya-son-un-millon-de-europeos-en-desacuerdo-con-uso-de-jaulas-para-animales-de-granja\/","title":{"rendered":"Ya son un mill\u00f3n de europeos en desacuerdo con uso de jaulas para animales de granja"},"content":{"rendered":"<p>La Iniciativa Ciudadana Europea (ICE) &#8216;#EndTheCageAge&#8217;, que comenz\u00f3 en septiembre del a\u00f1o pasado para acabar con el uso de jaulas para <strong>animales de granja en la UE<\/strong>, ha alcanzado el mill\u00f3n de firmas, seg\u00fan ha informado Compassion in World Farming (CIWF), que impuls\u00f3 esta iniciativa junto a otras 170 organizaciones de protecci\u00f3n animal.<\/p>\n<p>\u00ab\u00a1Qu\u00e9 gran victoria! Este es realmente un hito para la protecci\u00f3n de los animales criados con fines alimenticios\u00bb, ha celebrado la directora internacional de campa\u00f1as de CIWF, Emma Slawinski, destacando que la coalici\u00f3n que apoya esta iniciativa \u00abes <em>la m\u00e1s grande jam\u00e1s creada<\/em> en nombre del bienestar de los animales de granja\u00bb.<\/p>\n<p>Sin embargo, Slawinski ha subrayado que la lucha para terminar con el uso de las jaulas \u00abno ha terminado\u00bb. \u00abDebemos continuar recolectando firmas para asegurarnos de que el Parlamento Europeo entienda que hay muchos ciudadanos europeos que quieren que todos los animales se muevan libremente y no pasen toda una vida de sufrimiento detr\u00e1s de <strong>los barrotes de una reducida jaula<\/strong>\u00ab, ha sentenciado. Durante los \u00faltimos ocho meses, la campa\u00f1a ha organizado eventos promocionales en toda Europa, obteniendo cobertura de medios internacionales.<\/p>\n<p>ECOticias<\/p>\n","protected":false},"excerpt":{"rendered":"<p>La Iniciativa Ciudadana Europea (ICE) &#8216;#EndTheCageAge&#8217;, que comenz\u00f3 en septiembre <a href=\"https:\/\/sertv.gob.pa\/crisolfm\/ya-son-un-millon-de-europeos-en-desacuerdo-con-uso-de-jaulas-para-animales-de-granja\/\"> [&#8230;]<\/a><\/p>\n","protected":false},"author":64,"featured_media":20396,"comment_status":"closed","ping_status":"closed","sticky":false,"template":"","format":"standard","meta":{"footnotes":""},"categories":[7],"tags":[],"class_list":["post-20395","post","type-post","status-publish","format-standard","has-post-thumbnail","hentry","category-ecologicas"],"_links":{"self":[{"href":"https:\/\/sertv.gob.pa\/crisolfm\/wp-json\/wp\/v2\/posts\/20395","targetHints":{"allow":["GET"]}}],"collection":[{"href":"https:\/\/sertv.gob.pa\/crisolfm\/wp-json\/wp\/v2\/posts"}],"about":[{"href":"https:\/\/sertv.gob.pa\/crisolfm\/wp-json\/wp\/v2\/types\/post"}],"author":[{"embeddable":true,"href":"https:\/\/sertv.gob.pa\/crisolfm\/wp-json\/wp\/v2\/users\/64"}],"replies":[{"embeddable":true,"href":"https:\/\/sertv.gob.pa\/crisolfm\/wp-json\/wp\/v2\/comments?post=20395"}],"version-history":[{"count":1,"href":"https:\/\/sertv.gob.pa\/crisolfm\/wp-json\/wp\/v2\/posts\/20395\/revisions"}],"predecessor-version":[{"id":20397,"href":"https:\/\/sertv.gob.pa\/crisolfm\/wp-json\/wp\/v2\/posts\/20395\/revisions\/20397"}],"wp:featuredmedia":[{"embeddable":true,"href":"https:\/\/sertv.gob.pa\/crisolfm\/wp-json\/wp\/v2\/media\/20396"}],"wp:attachment":[{"href":"https:\/\/sertv.gob.pa\/crisolfm\/wp-json\/wp\/v2\/media?parent=20395"}],"wp:term":[{"taxonomy":"category","embeddable":true,"href":"https:\/\/sertv.gob.pa\/crisolfm\/wp-json\/wp\/v2\/categories?post=20395"},{"taxonomy":"post_tag","embeddable":true,"href":"https:\/\/sertv.gob.pa\/crisolfm\/wp-json\/wp\/v2\/tags?post=20395"}],"curies":[{"name":"wp","href":"https:\/\/api.w.org\/{rel}","templated":true}]}}