{"id":20398,"date":"2019-05-31T15:38:44","date_gmt":"2019-05-31T15:38:44","guid":{"rendered":"https:\/\/sertv.gob.pa\/crisolfm\/?p=20398"},"modified":"2019-05-31T15:38:44","modified_gmt":"2019-05-31T15:38:44","slug":"editan-libro-de-fotografia-que-refleja-riqueza-de-fauna-y-flora-submarinas-del-mar-menor","status":"publish","type":"post","link":"https:\/\/sertv.gob.pa\/crisolfm\/editan-libro-de-fotografia-que-refleja-riqueza-de-fauna-y-flora-submarinas-del-mar-menor\/","title":{"rendered":"Editan libro de fotograf\u00eda que refleja riqueza de fauna y flora submarinas del Mar Menor"},"content":{"rendered":"<p>El libro &#8216;El Mar Menor. Una laguna m\u00e1gica&#8217; repasa en m\u00e1s de 160 im\u00e1genes realizadas en los dos \u00faltimos a\u00f1os por el fot\u00f3grafo Javier Murcia la riqueza y diversidad de<strong> la fauna y flora submarinas del Mar Menor.<\/strong> La obra, de la que se han editado cerca de un millar de ejemplares impresos que se distribuir\u00e1n en edificios y organismos p\u00fablicos, estar\u00e1 tambi\u00e9n disponible en la p\u00e1gina web Canal Mar Menor.<\/p>\n<p>Este proyecto, que ha contado con un presupuesto de 11.000 euros, est\u00e1 estructurado en una decena de cap\u00edtulos que contienen im\u00e1genes de gran calidad t\u00e9cnica y belleza de la vegetaci\u00f3n submarina, como la Cymodocea nodosa o la Ruppia cirrhosa, de ejemplares de la familia de las esponjas, de especies integradas dentro de los cnidarios como los tres tipos de medusas que habitan en la laguna o crust\u00e1ceos y moluscos como el cangrejo moruno, el camar\u00f3n, <em>el langostino del Mar Menor o la nacra<\/em>, un bivalvo de gran tama\u00f1o pr\u00e1cticamente desaparecido en todo el litoral Mediterr\u00e1neo y que cuenta con una gran poblaci\u00f3n en el Mar Menor.<\/p>\n<p>ECOticias<\/p>\n","protected":false},"excerpt":{"rendered":"<p>El libro &#8216;El Mar Menor. Una laguna m\u00e1gica&#8217; repasa en <a href=\"https:\/\/sertv.gob.pa\/crisolfm\/editan-libro-de-fotografia-que-refleja-riqueza-de-fauna-y-flora-submarinas-del-mar-menor\/\"> [&#8230;]<\/a><\/p>\n","protected":false},"author":64,"featured_media":20399,"comment_status":"closed","ping_status":"closed","sticky":false,"template":"","format":"standard","meta":{"footnotes":""},"categories":[7],"tags":[],"class_list":["post-20398","post","type-post","status-publish","format-standard","has-post-thumbnail","hentry","category-ecologicas"],"_links":{"self":[{"href":"https:\/\/sertv.gob.pa\/crisolfm\/wp-json\/wp\/v2\/posts\/20398","targetHints":{"allow":["GET"]}}],"collection":[{"href":"https:\/\/sertv.gob.pa\/crisolfm\/wp-json\/wp\/v2\/posts"}],"about":[{"href":"https:\/\/sertv.gob.pa\/crisolfm\/wp-json\/wp\/v2\/types\/post"}],"author":[{"embeddable":true,"href":"https:\/\/sertv.gob.pa\/crisolfm\/wp-json\/wp\/v2\/users\/64"}],"replies":[{"embeddable":true,"href":"https:\/\/sertv.gob.pa\/crisolfm\/wp-json\/wp\/v2\/comments?post=20398"}],"version-history":[{"count":1,"href":"https:\/\/sertv.gob.pa\/crisolfm\/wp-json\/wp\/v2\/posts\/20398\/revisions"}],"predecessor-version":[{"id":20400,"href":"https:\/\/sertv.gob.pa\/crisolfm\/wp-json\/wp\/v2\/posts\/20398\/revisions\/20400"}],"wp:featuredmedia":[{"embeddable":true,"href":"https:\/\/sertv.gob.pa\/crisolfm\/wp-json\/wp\/v2\/media\/20399"}],"wp:attachment":[{"href":"https:\/\/sertv.gob.pa\/crisolfm\/wp-json\/wp\/v2\/media?parent=20398"}],"wp:term":[{"taxonomy":"category","embeddable":true,"href":"https:\/\/sertv.gob.pa\/crisolfm\/wp-json\/wp\/v2\/categories?post=20398"},{"taxonomy":"post_tag","embeddable":true,"href":"https:\/\/sertv.gob.pa\/crisolfm\/wp-json\/wp\/v2\/tags?post=20398"}],"curies":[{"name":"wp","href":"https:\/\/api.w.org\/{rel}","templated":true}]}}