{"id":20401,"date":"2019-05-31T20:24:47","date_gmt":"2019-05-31T20:24:47","guid":{"rendered":"https:\/\/sertv.gob.pa\/crisolfm\/?p=20401"},"modified":"2019-05-31T20:24:47","modified_gmt":"2019-05-31T20:24:47","slug":"la-reina-letizia-inaugura-la-feria-del-libro-de-madrid","status":"publish","type":"post","link":"https:\/\/sertv.gob.pa\/crisolfm\/la-reina-letizia-inaugura-la-feria-del-libro-de-madrid\/","title":{"rendered":"La reina Letizia inaugura la Feria del Libro de Madrid"},"content":{"rendered":"<p style=\"text-align: justify\">La reina Letizia inaugur\u00f3 hoy la 78 edici\u00f3n de la Feria del Libro de Madrid, la m\u00e1s caribe\u00f1a por tener como pa\u00eds invitado a Rep\u00fablica Dominicana, que ha tra\u00eddo a Espa\u00f1a su cultura.<\/p>\n<p style=\"text-align: justify\">Durante m\u00e1s de una hora y media, la reina, acompa\u00f1ada por los ministros de Cultura de Espa\u00f1a y Rep\u00fablica Dominicana, Jos\u00e9 Guirao y Eduardo Selman, respectivamente; la alcaldesa de Madrid en funciones, Manuela Carmena; y el director de la FLM, Manuel Gil, entre otros, ha recorrido el Paseo de Coches del Retiro de la capital espa\u00f1ola que acoge hasta el pr\u00f3ximo 16 de junio un total de 361 casetas.<\/p>\n<p>Una edici\u00f3n que su director afronta con mucho optimismo y en la que se prev\u00e9, si la meteorolog\u00eda acompa\u00f1a, que se alcancen unas ventas de 500.000 a 550.000 ejemplares, lo que supondr\u00edan diez millones de euros, indic\u00f3 Gil en una entrevista con Efe.<\/p>\n<p>EFE<\/p>\n","protected":false},"excerpt":{"rendered":"<p>La reina Letizia inaugur\u00f3 hoy la 78 edici\u00f3n de la <a href=\"https:\/\/sertv.gob.pa\/crisolfm\/la-reina-letizia-inaugura-la-feria-del-libro-de-madrid\/\"> [&#8230;]<\/a><\/p>\n","protected":false},"author":64,"featured_media":20402,"comment_status":"closed","ping_status":"closed","sticky":false,"template":"","format":"standard","meta":{"footnotes":""},"categories":[6],"tags":[],"class_list":["post-20401","post","type-post","status-publish","format-standard","has-post-thumbnail","hentry","category-culturales"],"_links":{"self":[{"href":"https:\/\/sertv.gob.pa\/crisolfm\/wp-json\/wp\/v2\/posts\/20401","targetHints":{"allow":["GET"]}}],"collection":[{"href":"https:\/\/sertv.gob.pa\/crisolfm\/wp-json\/wp\/v2\/posts"}],"about":[{"href":"https:\/\/sertv.gob.pa\/crisolfm\/wp-json\/wp\/v2\/types\/post"}],"author":[{"embeddable":true,"href":"https:\/\/sertv.gob.pa\/crisolfm\/wp-json\/wp\/v2\/users\/64"}],"replies":[{"embeddable":true,"href":"https:\/\/sertv.gob.pa\/crisolfm\/wp-json\/wp\/v2\/comments?post=20401"}],"version-history":[{"count":1,"href":"https:\/\/sertv.gob.pa\/crisolfm\/wp-json\/wp\/v2\/posts\/20401\/revisions"}],"predecessor-version":[{"id":20403,"href":"https:\/\/sertv.gob.pa\/crisolfm\/wp-json\/wp\/v2\/posts\/20401\/revisions\/20403"}],"wp:featuredmedia":[{"embeddable":true,"href":"https:\/\/sertv.gob.pa\/crisolfm\/wp-json\/wp\/v2\/media\/20402"}],"wp:attachment":[{"href":"https:\/\/sertv.gob.pa\/crisolfm\/wp-json\/wp\/v2\/media?parent=20401"}],"wp:term":[{"taxonomy":"category","embeddable":true,"href":"https:\/\/sertv.gob.pa\/crisolfm\/wp-json\/wp\/v2\/categories?post=20401"},{"taxonomy":"post_tag","embeddable":true,"href":"https:\/\/sertv.gob.pa\/crisolfm\/wp-json\/wp\/v2\/tags?post=20401"}],"curies":[{"name":"wp","href":"https:\/\/api.w.org\/{rel}","templated":true}]}}