{"id":20408,"date":"2019-06-03T13:38:16","date_gmt":"2019-06-03T13:38:16","guid":{"rendered":"https:\/\/sertv.gob.pa\/crisolfm\/?p=20408"},"modified":"2019-06-03T13:38:16","modified_gmt":"2019-06-03T13:38:16","slug":"escritor-enrique-jaramillo-levy-presenta-el-libro-minificcionario","status":"publish","type":"post","link":"https:\/\/sertv.gob.pa\/crisolfm\/escritor-enrique-jaramillo-levy-presenta-el-libro-minificcionario\/","title":{"rendered":"Escritor Enrique Jaramillo Levy presenta el libro \u201cMinificcionario\u201d"},"content":{"rendered":"<p style=\"text-align: justify\">El escritor, Enrique Jaramillo Levy, presenta, junto al Sistema de Biblioteca de la Universidad de Panam\u00e1 y Foro y Taller Sagitario Ediciones, el libro \u2018Minificcionario. Compilaci\u00f3n hist\u00f3rica selecta del minicuento en Panam\u00e1 (1967-2018)&#8217;.<\/p>\n<p style=\"text-align: justify\">En esta obra se podr\u00e1 apreciar una compilaci\u00f3n de pr\u00f3logo y notas del autor. Al mismo tiempo que un recorrido por medio siglo de minicuentos y que, adem\u00e1s, equivalen a conocer un poco m\u00e1s sobre el aporte de un sinn\u00famero de interesantes autores, temas y estilo. Danae Brugiati Boussounis y Ela Urriola ser\u00e1n las expositoras invitadas.<\/p>\n<p style=\"text-align: justify\">La cita ser\u00e1 este 4 de junio, en las instalaciones de la biblioteca de la Universidad, a las 7:00 de la noche. La entrada es abierta a todo p\u00fablico.<\/p>\n<p style=\"text-align: justify\">\n","protected":false},"excerpt":{"rendered":"<p>El escritor, Enrique Jaramillo Levy, presenta, junto al Sistema de <a href=\"https:\/\/sertv.gob.pa\/crisolfm\/escritor-enrique-jaramillo-levy-presenta-el-libro-minificcionario\/\"> [&#8230;]<\/a><\/p>\n","protected":false},"author":64,"featured_media":20409,"comment_status":"closed","ping_status":"closed","sticky":false,"template":"","format":"standard","meta":{"footnotes":""},"categories":[6],"tags":[],"class_list":["post-20408","post","type-post","status-publish","format-standard","has-post-thumbnail","hentry","category-culturales"],"_links":{"self":[{"href":"https:\/\/sertv.gob.pa\/crisolfm\/wp-json\/wp\/v2\/posts\/20408","targetHints":{"allow":["GET"]}}],"collection":[{"href":"https:\/\/sertv.gob.pa\/crisolfm\/wp-json\/wp\/v2\/posts"}],"about":[{"href":"https:\/\/sertv.gob.pa\/crisolfm\/wp-json\/wp\/v2\/types\/post"}],"author":[{"embeddable":true,"href":"https:\/\/sertv.gob.pa\/crisolfm\/wp-json\/wp\/v2\/users\/64"}],"replies":[{"embeddable":true,"href":"https:\/\/sertv.gob.pa\/crisolfm\/wp-json\/wp\/v2\/comments?post=20408"}],"version-history":[{"count":1,"href":"https:\/\/sertv.gob.pa\/crisolfm\/wp-json\/wp\/v2\/posts\/20408\/revisions"}],"predecessor-version":[{"id":20410,"href":"https:\/\/sertv.gob.pa\/crisolfm\/wp-json\/wp\/v2\/posts\/20408\/revisions\/20410"}],"wp:featuredmedia":[{"embeddable":true,"href":"https:\/\/sertv.gob.pa\/crisolfm\/wp-json\/wp\/v2\/media\/20409"}],"wp:attachment":[{"href":"https:\/\/sertv.gob.pa\/crisolfm\/wp-json\/wp\/v2\/media?parent=20408"}],"wp:term":[{"taxonomy":"category","embeddable":true,"href":"https:\/\/sertv.gob.pa\/crisolfm\/wp-json\/wp\/v2\/categories?post=20408"},{"taxonomy":"post_tag","embeddable":true,"href":"https:\/\/sertv.gob.pa\/crisolfm\/wp-json\/wp\/v2\/tags?post=20408"}],"curies":[{"name":"wp","href":"https:\/\/api.w.org\/{rel}","templated":true}]}}