{"id":20414,"date":"2019-06-03T13:47:42","date_gmt":"2019-06-03T13:47:42","guid":{"rendered":"https:\/\/sertv.gob.pa\/crisolfm\/?p=20414"},"modified":"2019-06-03T13:47:42","modified_gmt":"2019-06-03T13:47:42","slug":"jornada-informativa-para-preservar-el-medio-ambiente-en-ciudad-del-saber","status":"publish","type":"post","link":"https:\/\/sertv.gob.pa\/crisolfm\/jornada-informativa-para-preservar-el-medio-ambiente-en-ciudad-del-saber\/","title":{"rendered":"Jornada informativa para preservar el medio ambiente en Ciudad del Saber"},"content":{"rendered":"<p>La Fundaci\u00f3n Ciudad del Saber invita a su jornada informativa \u2018Reciclando con Ciudad del Saber&#8217;. En este encuentro se hablar\u00e1 sobre las mejores pr\u00e1cticas de reciclaje y de los retos que por 11 a\u00f1os la fundaci\u00f3n ha emprendido para reforzar las acciones sobre este tema. Para los m\u00e1s peque\u00f1os habr\u00e1 actividades especiales.<\/p>\n<p>La cita ser\u00e1 el pr\u00f3ximo 8 de junio de 2019, en las instalaciones del centro de reciclaje de Ciudad del Saber, calle Rodolfo Ben\u00edtez, a las 9:00 de la ma\u00f1ana. La entrada es para el p\u00fablico en general.<\/p>\n<p>&nbsp;<\/p>\n<p>&nbsp;<\/p>\n","protected":false},"excerpt":{"rendered":"<p>La Fundaci\u00f3n Ciudad del Saber invita a su jornada informativa <a href=\"https:\/\/sertv.gob.pa\/crisolfm\/jornada-informativa-para-preservar-el-medio-ambiente-en-ciudad-del-saber\/\"> [&#8230;]<\/a><\/p>\n","protected":false},"author":64,"featured_media":20415,"comment_status":"closed","ping_status":"closed","sticky":false,"template":"","format":"standard","meta":{"footnotes":""},"categories":[7],"tags":[],"class_list":["post-20414","post","type-post","status-publish","format-standard","has-post-thumbnail","hentry","category-ecologicas"],"_links":{"self":[{"href":"https:\/\/sertv.gob.pa\/crisolfm\/wp-json\/wp\/v2\/posts\/20414","targetHints":{"allow":["GET"]}}],"collection":[{"href":"https:\/\/sertv.gob.pa\/crisolfm\/wp-json\/wp\/v2\/posts"}],"about":[{"href":"https:\/\/sertv.gob.pa\/crisolfm\/wp-json\/wp\/v2\/types\/post"}],"author":[{"embeddable":true,"href":"https:\/\/sertv.gob.pa\/crisolfm\/wp-json\/wp\/v2\/users\/64"}],"replies":[{"embeddable":true,"href":"https:\/\/sertv.gob.pa\/crisolfm\/wp-json\/wp\/v2\/comments?post=20414"}],"version-history":[{"count":1,"href":"https:\/\/sertv.gob.pa\/crisolfm\/wp-json\/wp\/v2\/posts\/20414\/revisions"}],"predecessor-version":[{"id":20416,"href":"https:\/\/sertv.gob.pa\/crisolfm\/wp-json\/wp\/v2\/posts\/20414\/revisions\/20416"}],"wp:featuredmedia":[{"embeddable":true,"href":"https:\/\/sertv.gob.pa\/crisolfm\/wp-json\/wp\/v2\/media\/20415"}],"wp:attachment":[{"href":"https:\/\/sertv.gob.pa\/crisolfm\/wp-json\/wp\/v2\/media?parent=20414"}],"wp:term":[{"taxonomy":"category","embeddable":true,"href":"https:\/\/sertv.gob.pa\/crisolfm\/wp-json\/wp\/v2\/categories?post=20414"},{"taxonomy":"post_tag","embeddable":true,"href":"https:\/\/sertv.gob.pa\/crisolfm\/wp-json\/wp\/v2\/tags?post=20414"}],"curies":[{"name":"wp","href":"https:\/\/api.w.org\/{rel}","templated":true}]}}