{"id":20430,"date":"2019-06-03T14:26:22","date_gmt":"2019-06-03T14:26:22","guid":{"rendered":"https:\/\/sertv.gob.pa\/crisolfm\/?p=20430"},"modified":"2019-06-03T14:26:22","modified_gmt":"2019-06-03T14:26:22","slug":"fallece-el-filosofo-frances-michel-serres-a-los-88-anos","status":"publish","type":"post","link":"https:\/\/sertv.gob.pa\/crisolfm\/fallece-el-filosofo-frances-michel-serres-a-los-88-anos\/","title":{"rendered":"Fallece el fil\u00f3sofo franc\u00e9s Michel Serres a los 88 a\u00f1os"},"content":{"rendered":"<p>El fil\u00f3sofo franc\u00e9s Michel Serres, profesor durante muchos a\u00f1os de la universidad estadounidense de Stanford y autor de \u00e9xito, muri\u00f3 el s\u00e1bado a la edad de 88 a\u00f1os, anunci\u00f3 a la AFP su editorial, Le Pommier. \u00abMuri\u00f3 tranquilamente rodeado de su familia\u00bb, declar\u00f3 su editora Sophie Bancquart.<\/p>\n<p>Escritor e historiador de las ciencias, apasionado por la ecolog\u00eda y la educaci\u00f3n, y miembro de la Academia francesa, Serres se interes\u00f3 en todas las formas del saber, tanto cient\u00edfico como literario, y anticip\u00f3 los cambios relacionados con las nuevas tecnolog\u00edas de la comunicaci\u00f3n. Michel Serres, conocido por el p\u00fablico de su pa\u00eds a trav\u00e9s de sus intervenciones en programas radiales franceses, public\u00f3 unas 80 obras y segu\u00eda activo en los \u00faltimos a\u00f1os.\u00a0 Desde 1984 ense\u00f1aba filosof\u00eda en la Universidad californiana de Stanford, donde pasaba parte del a\u00f1o.<\/p>\n<p>&nbsp;<\/p>\n","protected":false},"excerpt":{"rendered":"<p>El fil\u00f3sofo franc\u00e9s Michel Serres, profesor durante muchos a\u00f1os de <a href=\"https:\/\/sertv.gob.pa\/crisolfm\/fallece-el-filosofo-frances-michel-serres-a-los-88-anos\/\"> [&#8230;]<\/a><\/p>\n","protected":false},"author":64,"featured_media":20431,"comment_status":"closed","ping_status":"closed","sticky":false,"template":"","format":"standard","meta":{"footnotes":""},"categories":[6],"tags":[],"class_list":["post-20430","post","type-post","status-publish","format-standard","has-post-thumbnail","hentry","category-culturales"],"_links":{"self":[{"href":"https:\/\/sertv.gob.pa\/crisolfm\/wp-json\/wp\/v2\/posts\/20430","targetHints":{"allow":["GET"]}}],"collection":[{"href":"https:\/\/sertv.gob.pa\/crisolfm\/wp-json\/wp\/v2\/posts"}],"about":[{"href":"https:\/\/sertv.gob.pa\/crisolfm\/wp-json\/wp\/v2\/types\/post"}],"author":[{"embeddable":true,"href":"https:\/\/sertv.gob.pa\/crisolfm\/wp-json\/wp\/v2\/users\/64"}],"replies":[{"embeddable":true,"href":"https:\/\/sertv.gob.pa\/crisolfm\/wp-json\/wp\/v2\/comments?post=20430"}],"version-history":[{"count":1,"href":"https:\/\/sertv.gob.pa\/crisolfm\/wp-json\/wp\/v2\/posts\/20430\/revisions"}],"predecessor-version":[{"id":20432,"href":"https:\/\/sertv.gob.pa\/crisolfm\/wp-json\/wp\/v2\/posts\/20430\/revisions\/20432"}],"wp:featuredmedia":[{"embeddable":true,"href":"https:\/\/sertv.gob.pa\/crisolfm\/wp-json\/wp\/v2\/media\/20431"}],"wp:attachment":[{"href":"https:\/\/sertv.gob.pa\/crisolfm\/wp-json\/wp\/v2\/media?parent=20430"}],"wp:term":[{"taxonomy":"category","embeddable":true,"href":"https:\/\/sertv.gob.pa\/crisolfm\/wp-json\/wp\/v2\/categories?post=20430"},{"taxonomy":"post_tag","embeddable":true,"href":"https:\/\/sertv.gob.pa\/crisolfm\/wp-json\/wp\/v2\/tags?post=20430"}],"curies":[{"name":"wp","href":"https:\/\/api.w.org\/{rel}","templated":true}]}}