{"id":20433,"date":"2019-06-03T14:31:46","date_gmt":"2019-06-03T14:31:46","guid":{"rendered":"https:\/\/sertv.gob.pa\/crisolfm\/?p=20433"},"modified":"2019-06-03T14:31:46","modified_gmt":"2019-06-03T14:31:46","slug":"personalidades-lucen-en-berlin-la-kippa-en-protesta-contra-antisemitismo","status":"publish","type":"post","link":"https:\/\/sertv.gob.pa\/crisolfm\/personalidades-lucen-en-berlin-la-kippa-en-protesta-contra-antisemitismo\/","title":{"rendered":"Personalidades lucen en Berl\u00edn la kippa en protesta contra antisemitismo"},"content":{"rendered":"<p>Klein hab\u00eda aconsejado el 25 de mayo a los jud\u00edos no usar la kippa en la calle, una declaraci\u00f3n que provoc\u00f3 cr\u00edticas entre la comunidad jud\u00eda en Israel y de lo que el propio gobierno alem\u00e1n se desmarc\u00f3. Estados Unidos, a trav\u00e9s del secretario de Estado Mike Pompeo, se mostr\u00f3 \u00abpreocupado\u00bb el viernes porque se recomiende a los jud\u00edos no llevar la kippa. El gobierno alem\u00e1n pidi\u00f3 finalmente durante la semana a la poblaci\u00f3n lucir la kippa con motivo de esta jornada Al Quds.\u00a0La ministra de la Familia Franziska Giffey (SPD) pidi\u00f3 el s\u00e1bado en el diario Tagesspiegel un compromiso creciente de la sociedad civil contra el antisemitismo en Alemania.<\/p>\n<p>Bild, diario m\u00e1s le\u00eddo de Alemania, propuso por su lado una kippa que puede cortarse de la portada de su edici\u00f3n del lunes, para combatir el problema. Pese a d\u00e9cadas de arrepentimiento por el Holocausto, en Alemania aumentan, como en otros pa\u00edses europeos, los ataques contra los jud\u00edos. Los actos criminales de car\u00e1cter antisemita aumentaron en 20% en Alemania el a\u00f1o pasado, seg\u00fan el ministerio del Interior.<\/p>\n<p>AFP<\/p>\n","protected":false},"excerpt":{"rendered":"<p>Klein hab\u00eda aconsejado el 25 de mayo a los jud\u00edos <a href=\"https:\/\/sertv.gob.pa\/crisolfm\/personalidades-lucen-en-berlin-la-kippa-en-protesta-contra-antisemitismo\/\"> [&#8230;]<\/a><\/p>\n","protected":false},"author":64,"featured_media":20434,"comment_status":"closed","ping_status":"closed","sticky":false,"template":"","format":"standard","meta":{"footnotes":""},"categories":[6],"tags":[],"class_list":["post-20433","post","type-post","status-publish","format-standard","has-post-thumbnail","hentry","category-culturales"],"_links":{"self":[{"href":"https:\/\/sertv.gob.pa\/crisolfm\/wp-json\/wp\/v2\/posts\/20433","targetHints":{"allow":["GET"]}}],"collection":[{"href":"https:\/\/sertv.gob.pa\/crisolfm\/wp-json\/wp\/v2\/posts"}],"about":[{"href":"https:\/\/sertv.gob.pa\/crisolfm\/wp-json\/wp\/v2\/types\/post"}],"author":[{"embeddable":true,"href":"https:\/\/sertv.gob.pa\/crisolfm\/wp-json\/wp\/v2\/users\/64"}],"replies":[{"embeddable":true,"href":"https:\/\/sertv.gob.pa\/crisolfm\/wp-json\/wp\/v2\/comments?post=20433"}],"version-history":[{"count":1,"href":"https:\/\/sertv.gob.pa\/crisolfm\/wp-json\/wp\/v2\/posts\/20433\/revisions"}],"predecessor-version":[{"id":20435,"href":"https:\/\/sertv.gob.pa\/crisolfm\/wp-json\/wp\/v2\/posts\/20433\/revisions\/20435"}],"wp:featuredmedia":[{"embeddable":true,"href":"https:\/\/sertv.gob.pa\/crisolfm\/wp-json\/wp\/v2\/media\/20434"}],"wp:attachment":[{"href":"https:\/\/sertv.gob.pa\/crisolfm\/wp-json\/wp\/v2\/media?parent=20433"}],"wp:term":[{"taxonomy":"category","embeddable":true,"href":"https:\/\/sertv.gob.pa\/crisolfm\/wp-json\/wp\/v2\/categories?post=20433"},{"taxonomy":"post_tag","embeddable":true,"href":"https:\/\/sertv.gob.pa\/crisolfm\/wp-json\/wp\/v2\/tags?post=20433"}],"curies":[{"name":"wp","href":"https:\/\/api.w.org\/{rel}","templated":true}]}}