{"id":20445,"date":"2019-06-04T13:31:16","date_gmt":"2019-06-04T13:31:16","guid":{"rendered":"https:\/\/sertv.gob.pa\/crisolfm\/?p=20445"},"modified":"2019-06-04T13:31:16","modified_gmt":"2019-06-04T13:31:16","slug":"arquitecto-encargado-de-notre-dame-solicita-reconstruir-la-aguja-tal-como-era","status":"publish","type":"post","link":"https:\/\/sertv.gob.pa\/crisolfm\/arquitecto-encargado-de-notre-dame-solicita-reconstruir-la-aguja-tal-como-era\/","title":{"rendered":"Arquitecto encargado de Notre-Dame solicita reconstruir la aguja tal como era"},"content":{"rendered":"<p>El arquitecto encargado de reconstruir Notre-Dame, Philippe Villeneuve, pidi\u00f3 este martes en una entrevista con el diario Le Figaro reconstruir la aguja de la catedral parisina \u00abid\u00e9ntica\u00bb a la antigua, pese al deseo del presidente Emmanuel Macron de ver \u00abuna reconstrucci\u00f3n inventiva\u00bb.<\/p>\n<p>\u00abPara m\u00ed, no solo hay que reconstruir una flecha, sino hay que hacerla id\u00e9ntica\u00bb, declar\u00f3 Villeneuve, arquitecto en jefe de los monumentos hist\u00f3ricos, responsable de la restauraci\u00f3n de la catedral desde 2013.<\/p>\n<p>\u00abAdem\u00e1s estamos obligados por la Carta de Venecia, que exige que los monumentos hist\u00f3ricos sean restaurados en su \u00faltimo estado conocido\u00bb, subray\u00f3 el arquitecto, refiri\u00e9ndose al tratado internacional de 1964 sobre la restauraci\u00f3n de monumentos.<\/p>\n<p>AFP<\/p>\n","protected":false},"excerpt":{"rendered":"<p>El arquitecto encargado de reconstruir Notre-Dame, Philippe Villeneuve, pidi\u00f3 este <a href=\"https:\/\/sertv.gob.pa\/crisolfm\/arquitecto-encargado-de-notre-dame-solicita-reconstruir-la-aguja-tal-como-era\/\"> [&#8230;]<\/a><\/p>\n","protected":false},"author":64,"featured_media":20446,"comment_status":"closed","ping_status":"closed","sticky":false,"template":"","format":"standard","meta":{"footnotes":""},"categories":[6],"tags":[],"class_list":["post-20445","post","type-post","status-publish","format-standard","has-post-thumbnail","hentry","category-culturales"],"_links":{"self":[{"href":"https:\/\/sertv.gob.pa\/crisolfm\/wp-json\/wp\/v2\/posts\/20445","targetHints":{"allow":["GET"]}}],"collection":[{"href":"https:\/\/sertv.gob.pa\/crisolfm\/wp-json\/wp\/v2\/posts"}],"about":[{"href":"https:\/\/sertv.gob.pa\/crisolfm\/wp-json\/wp\/v2\/types\/post"}],"author":[{"embeddable":true,"href":"https:\/\/sertv.gob.pa\/crisolfm\/wp-json\/wp\/v2\/users\/64"}],"replies":[{"embeddable":true,"href":"https:\/\/sertv.gob.pa\/crisolfm\/wp-json\/wp\/v2\/comments?post=20445"}],"version-history":[{"count":1,"href":"https:\/\/sertv.gob.pa\/crisolfm\/wp-json\/wp\/v2\/posts\/20445\/revisions"}],"predecessor-version":[{"id":20447,"href":"https:\/\/sertv.gob.pa\/crisolfm\/wp-json\/wp\/v2\/posts\/20445\/revisions\/20447"}],"wp:featuredmedia":[{"embeddable":true,"href":"https:\/\/sertv.gob.pa\/crisolfm\/wp-json\/wp\/v2\/media\/20446"}],"wp:attachment":[{"href":"https:\/\/sertv.gob.pa\/crisolfm\/wp-json\/wp\/v2\/media?parent=20445"}],"wp:term":[{"taxonomy":"category","embeddable":true,"href":"https:\/\/sertv.gob.pa\/crisolfm\/wp-json\/wp\/v2\/categories?post=20445"},{"taxonomy":"post_tag","embeddable":true,"href":"https:\/\/sertv.gob.pa\/crisolfm\/wp-json\/wp\/v2\/tags?post=20445"}],"curies":[{"name":"wp","href":"https:\/\/api.w.org\/{rel}","templated":true}]}}