{"id":20457,"date":"2019-06-04T13:53:45","date_gmt":"2019-06-04T13:53:45","guid":{"rendered":"https:\/\/sertv.gob.pa\/crisolfm\/?p=20457"},"modified":"2019-06-04T13:53:45","modified_gmt":"2019-06-04T13:53:45","slug":"confirman-otra-mortandad-de-aves-por-asfixia","status":"publish","type":"post","link":"https:\/\/sertv.gob.pa\/crisolfm\/confirman-otra-mortandad-de-aves-por-asfixia\/","title":{"rendered":"Confirman otra mortandad de aves por asfixia"},"content":{"rendered":"<p>La Asociaci\u00f3n Nacional de Avicultores de Panam\u00e1 (Anavip) confirm\u00f3 ayer la muerte de unos 812 pollos en la finca Av\u00edcola de Capira S.A., propiedad de \u00cdtalo Salcedo.<\/p>\n<p>El gremio avicultor corrobor\u00f3 la mortandad de aves a trav\u00e9s de un mensaje de Twitter, donde adem\u00e1s hace responsable a Uni\u00f3n Fenosa (ahora Naturgy) del incidente por dejar de atender una poda de \u00e1rboles, pues aseguran que la ca\u00edda de las ramas fue lo que origin\u00f3 la interrupci\u00f3n del servicio de energ\u00eda que provoc\u00f3 la muerte por asfixia a los pollos.<\/p>\n<p>\u2018Se atribuye irresponsabilidad por parte de Uni\u00f3n Fenosa por no atender a tiempo la poda de \u00e1rbol que afect\u00f3 el tendido el\u00e9ctrico&#8217;, afirm\u00f3 Anavip en su mensaje de Twitter.<\/p>\n<p>&nbsp;<\/p>\n","protected":false},"excerpt":{"rendered":"<p>La Asociaci\u00f3n Nacional de Avicultores de Panam\u00e1 (Anavip) confirm\u00f3 ayer <a href=\"https:\/\/sertv.gob.pa\/crisolfm\/confirman-otra-mortandad-de-aves-por-asfixia\/\"> [&#8230;]<\/a><\/p>\n","protected":false},"author":64,"featured_media":20458,"comment_status":"closed","ping_status":"closed","sticky":false,"template":"","format":"standard","meta":{"footnotes":""},"categories":[7],"tags":[],"class_list":["post-20457","post","type-post","status-publish","format-standard","has-post-thumbnail","hentry","category-ecologicas"],"_links":{"self":[{"href":"https:\/\/sertv.gob.pa\/crisolfm\/wp-json\/wp\/v2\/posts\/20457","targetHints":{"allow":["GET"]}}],"collection":[{"href":"https:\/\/sertv.gob.pa\/crisolfm\/wp-json\/wp\/v2\/posts"}],"about":[{"href":"https:\/\/sertv.gob.pa\/crisolfm\/wp-json\/wp\/v2\/types\/post"}],"author":[{"embeddable":true,"href":"https:\/\/sertv.gob.pa\/crisolfm\/wp-json\/wp\/v2\/users\/64"}],"replies":[{"embeddable":true,"href":"https:\/\/sertv.gob.pa\/crisolfm\/wp-json\/wp\/v2\/comments?post=20457"}],"version-history":[{"count":1,"href":"https:\/\/sertv.gob.pa\/crisolfm\/wp-json\/wp\/v2\/posts\/20457\/revisions"}],"predecessor-version":[{"id":20459,"href":"https:\/\/sertv.gob.pa\/crisolfm\/wp-json\/wp\/v2\/posts\/20457\/revisions\/20459"}],"wp:featuredmedia":[{"embeddable":true,"href":"https:\/\/sertv.gob.pa\/crisolfm\/wp-json\/wp\/v2\/media\/20458"}],"wp:attachment":[{"href":"https:\/\/sertv.gob.pa\/crisolfm\/wp-json\/wp\/v2\/media?parent=20457"}],"wp:term":[{"taxonomy":"category","embeddable":true,"href":"https:\/\/sertv.gob.pa\/crisolfm\/wp-json\/wp\/v2\/categories?post=20457"},{"taxonomy":"post_tag","embeddable":true,"href":"https:\/\/sertv.gob.pa\/crisolfm\/wp-json\/wp\/v2\/tags?post=20457"}],"curies":[{"name":"wp","href":"https:\/\/api.w.org\/{rel}","templated":true}]}}