{"id":20469,"date":"2019-06-04T14:14:00","date_gmt":"2019-06-04T14:14:00","guid":{"rendered":"https:\/\/sertv.gob.pa\/crisolfm\/?p=20469"},"modified":"2019-06-04T14:14:00","modified_gmt":"2019-06-04T14:14:00","slug":"crearan-centro-de-lengua-portuguesa-en-panama","status":"publish","type":"post","link":"https:\/\/sertv.gob.pa\/crisolfm\/crearan-centro-de-lengua-portuguesa-en-panama\/","title":{"rendered":"Crear\u00e1n Centro de Lengua Portug\u00fcesa en Panam\u00e1"},"content":{"rendered":"<p>La Universidad Tecnol\u00f3gica de Panam\u00e1 y la Embajada de Portugal en Panam\u00e1 firmaron un acuerdo de colaboraci\u00f3n para crear un Centro de Lengua Portug\u00fcesa en territorio canalero.<\/p>\n<p>H\u00e9ctor Montemayor, rector de la UTP y Pedro Pessoa e Costa, embajador de Portugal en el pa\u00eds, fueron los encargados de firmar este convenio para la construcci\u00f3n del centro, adem\u00e1s de la asignaci\u00f3n de apoyo financiero para el desarrollo de programas de idioma portugu\u00e9s, educaci\u00f3n a trav\u00e9s de la cultura portug\u00fcesa y otras actividades.<\/p>\n<p>\u201cEl portugu\u00e9s es el quinto idioma m\u00e1s hablado en el mundo, por m\u00e1s de 260 millones de personas. Es una lengua joven y global, hablada en los 5 contenientes, ya cuenta con Centros de Lengua de Cam\u00f5es en m\u00e1s de 80 pa\u00edses y cada vez es m\u00e1s buscada por j\u00f3venes, profesionales y empresarios\u201d, destacaron en la nota.<\/p>\n<p>&nbsp;<\/p>\n<p>&nbsp;<\/p>\n","protected":false},"excerpt":{"rendered":"<p>La Universidad Tecnol\u00f3gica de Panam\u00e1 y la Embajada de Portugal <a href=\"https:\/\/sertv.gob.pa\/crisolfm\/crearan-centro-de-lengua-portuguesa-en-panama\/\"> [&#8230;]<\/a><\/p>\n","protected":false},"author":64,"featured_media":20470,"comment_status":"closed","ping_status":"closed","sticky":false,"template":"","format":"standard","meta":{"footnotes":""},"categories":[6],"tags":[],"class_list":["post-20469","post","type-post","status-publish","format-standard","has-post-thumbnail","hentry","category-culturales"],"_links":{"self":[{"href":"https:\/\/sertv.gob.pa\/crisolfm\/wp-json\/wp\/v2\/posts\/20469","targetHints":{"allow":["GET"]}}],"collection":[{"href":"https:\/\/sertv.gob.pa\/crisolfm\/wp-json\/wp\/v2\/posts"}],"about":[{"href":"https:\/\/sertv.gob.pa\/crisolfm\/wp-json\/wp\/v2\/types\/post"}],"author":[{"embeddable":true,"href":"https:\/\/sertv.gob.pa\/crisolfm\/wp-json\/wp\/v2\/users\/64"}],"replies":[{"embeddable":true,"href":"https:\/\/sertv.gob.pa\/crisolfm\/wp-json\/wp\/v2\/comments?post=20469"}],"version-history":[{"count":1,"href":"https:\/\/sertv.gob.pa\/crisolfm\/wp-json\/wp\/v2\/posts\/20469\/revisions"}],"predecessor-version":[{"id":20471,"href":"https:\/\/sertv.gob.pa\/crisolfm\/wp-json\/wp\/v2\/posts\/20469\/revisions\/20471"}],"wp:featuredmedia":[{"embeddable":true,"href":"https:\/\/sertv.gob.pa\/crisolfm\/wp-json\/wp\/v2\/media\/20470"}],"wp:attachment":[{"href":"https:\/\/sertv.gob.pa\/crisolfm\/wp-json\/wp\/v2\/media?parent=20469"}],"wp:term":[{"taxonomy":"category","embeddable":true,"href":"https:\/\/sertv.gob.pa\/crisolfm\/wp-json\/wp\/v2\/categories?post=20469"},{"taxonomy":"post_tag","embeddable":true,"href":"https:\/\/sertv.gob.pa\/crisolfm\/wp-json\/wp\/v2\/tags?post=20469"}],"curies":[{"name":"wp","href":"https:\/\/api.w.org\/{rel}","templated":true}]}}