{"id":20478,"date":"2019-06-04T14:47:57","date_gmt":"2019-06-04T14:47:57","guid":{"rendered":"https:\/\/sertv.gob.pa\/crisolfm\/?p=20478"},"modified":"2019-06-04T14:47:57","modified_gmt":"2019-06-04T14:47:57","slug":"el-premio-nobel-de-la-paz-edward-s-rubin-exige-liderazgo-frente-al-cambio-climatico","status":"publish","type":"post","link":"https:\/\/sertv.gob.pa\/crisolfm\/el-premio-nobel-de-la-paz-edward-s-rubin-exige-liderazgo-frente-al-cambio-climatico\/","title":{"rendered":"El premio Nobel de la Paz, Edward S. Rubin, exige liderazgo frente al cambio clim\u00e1tico"},"content":{"rendered":"<p>Uno de los miembros del Jurado de los Premis Rei Jaume I que se deciden entre hoy y ma\u00f1ana en Val\u00e8ncia, Edward S. Rubin, que particip\u00f3 en el panel intergubernamental de Expertos sobre el Cambio Clim\u00e1tico (IPPC) co-ganador del premio nobel de la Paz de 2007, ha reclamado \u00abliderazgo\u00bb pol\u00edtico para<strong> luchar contra el cambio clim\u00e1tico<\/strong>, ya que es un problema grave y serio en el que hay que tomar medidas para controlar el problema. De lo contrario, \u00abhabr\u00e1 problemas reales y serios en los pr\u00f3ximos a\u00f1os. Aqu\u00ed en Valencia, por ejemplo, habr\u00e1 m\u00e1s problemas con la falta de agua, la erosi\u00f3n de la costa que pueden afectar a la agricultura o la industria del turismo\u00bb, ha advertido.<\/p>\n<p>Edward S. Rubin ha participado este lunes en el Ateneo Mercantil en una conferencia sobre el Cambio Clim\u00e1tico, organizada por el Club de Innovaci\u00f3n y Empresas del Ateneo dentro de las actividades de Expof\u00f3rum, que ha contado con la colaboraci\u00f3n de Jorge Olcina Cantos, catedr\u00e1tico de An\u00e1lisis Geogr\u00e1fico Regional de la Universidad de Alicante; Jos\u00e9 Luis Rubio Delgado, investigador del CSIC y Premio Jaime I y Luis Balair\u00f3n Ruiz, <em>exdirector del Programa del Cambio Clim\u00e1tico<\/em> del Ministerio de Medioambiente. El acto ha estado presidido por la presidenta del Ateneo Mercantil, Carmen de Rosa.<\/p>\n<p>ECOticias<\/p>\n","protected":false},"excerpt":{"rendered":"<p>Uno de los miembros del Jurado de los Premis Rei <a href=\"https:\/\/sertv.gob.pa\/crisolfm\/el-premio-nobel-de-la-paz-edward-s-rubin-exige-liderazgo-frente-al-cambio-climatico\/\"> [&#8230;]<\/a><\/p>\n","protected":false},"author":64,"featured_media":20479,"comment_status":"closed","ping_status":"closed","sticky":false,"template":"","format":"standard","meta":{"footnotes":""},"categories":[7],"tags":[],"class_list":["post-20478","post","type-post","status-publish","format-standard","has-post-thumbnail","hentry","category-ecologicas"],"_links":{"self":[{"href":"https:\/\/sertv.gob.pa\/crisolfm\/wp-json\/wp\/v2\/posts\/20478","targetHints":{"allow":["GET"]}}],"collection":[{"href":"https:\/\/sertv.gob.pa\/crisolfm\/wp-json\/wp\/v2\/posts"}],"about":[{"href":"https:\/\/sertv.gob.pa\/crisolfm\/wp-json\/wp\/v2\/types\/post"}],"author":[{"embeddable":true,"href":"https:\/\/sertv.gob.pa\/crisolfm\/wp-json\/wp\/v2\/users\/64"}],"replies":[{"embeddable":true,"href":"https:\/\/sertv.gob.pa\/crisolfm\/wp-json\/wp\/v2\/comments?post=20478"}],"version-history":[{"count":1,"href":"https:\/\/sertv.gob.pa\/crisolfm\/wp-json\/wp\/v2\/posts\/20478\/revisions"}],"predecessor-version":[{"id":20480,"href":"https:\/\/sertv.gob.pa\/crisolfm\/wp-json\/wp\/v2\/posts\/20478\/revisions\/20480"}],"wp:featuredmedia":[{"embeddable":true,"href":"https:\/\/sertv.gob.pa\/crisolfm\/wp-json\/wp\/v2\/media\/20479"}],"wp:attachment":[{"href":"https:\/\/sertv.gob.pa\/crisolfm\/wp-json\/wp\/v2\/media?parent=20478"}],"wp:term":[{"taxonomy":"category","embeddable":true,"href":"https:\/\/sertv.gob.pa\/crisolfm\/wp-json\/wp\/v2\/categories?post=20478"},{"taxonomy":"post_tag","embeddable":true,"href":"https:\/\/sertv.gob.pa\/crisolfm\/wp-json\/wp\/v2\/tags?post=20478"}],"curies":[{"name":"wp","href":"https:\/\/api.w.org\/{rel}","templated":true}]}}