{"id":20481,"date":"2019-06-05T13:32:29","date_gmt":"2019-06-05T13:32:29","guid":{"rendered":"https:\/\/sertv.gob.pa\/crisolfm\/?p=20481"},"modified":"2019-06-05T13:32:29","modified_gmt":"2019-06-05T13:32:29","slug":"mareas-altas-en-el-pacifico-hasta-el-viernes-7-de-junio","status":"publish","type":"post","link":"https:\/\/sertv.gob.pa\/crisolfm\/mareas-altas-en-el-pacifico-hasta-el-viernes-7-de-junio\/","title":{"rendered":"Mareas altas en el Pac\u00edfico hasta el viernes 7 de junio"},"content":{"rendered":"<p>El <strong>Sistema Nacional de Protecci\u00f3n Civil (Sinaproc)<\/strong> emiti\u00f3 un <strong>aviso de prevenci\u00f3n por mareas altas<\/strong> en el<strong> Pac\u00edfico paname\u00f1o<\/strong>, las cuales alcanzar\u00e1n hasta un <strong>m\u00e1ximo de hasta 16.6 pies de altura. <\/strong>El <strong>organismo de socorrismo<\/strong> mantiene la <strong>alerta desde el lunes 3 al viernes 7 de junio<\/strong>. A\u00f1aden <strong>que de coincidir las mareas altas con lluvias podr\u00eda aumentar los niveles de r\u00edos y quebradas<\/strong>, ocasionando <strong>inundaciones en \u00e1reas vulnerables.<\/strong><\/p>\n<p>Igualmente recomiendan a<strong> los padres de familia y tutores mantener la vigilancia de los menores de edad,<\/strong> ya que muchas<strong> familias acuden a las playas durante este periodo de vacaciones escolares.<\/strong><\/p>\n<p>&nbsp;<\/p>\n","protected":false},"excerpt":{"rendered":"<p>El Sistema Nacional de Protecci\u00f3n Civil (Sinaproc) emiti\u00f3 un aviso <a href=\"https:\/\/sertv.gob.pa\/crisolfm\/mareas-altas-en-el-pacifico-hasta-el-viernes-7-de-junio\/\"> [&#8230;]<\/a><\/p>\n","protected":false},"author":64,"featured_media":20482,"comment_status":"closed","ping_status":"closed","sticky":false,"template":"","format":"standard","meta":{"footnotes":""},"categories":[7],"tags":[],"class_list":["post-20481","post","type-post","status-publish","format-standard","has-post-thumbnail","hentry","category-ecologicas"],"_links":{"self":[{"href":"https:\/\/sertv.gob.pa\/crisolfm\/wp-json\/wp\/v2\/posts\/20481","targetHints":{"allow":["GET"]}}],"collection":[{"href":"https:\/\/sertv.gob.pa\/crisolfm\/wp-json\/wp\/v2\/posts"}],"about":[{"href":"https:\/\/sertv.gob.pa\/crisolfm\/wp-json\/wp\/v2\/types\/post"}],"author":[{"embeddable":true,"href":"https:\/\/sertv.gob.pa\/crisolfm\/wp-json\/wp\/v2\/users\/64"}],"replies":[{"embeddable":true,"href":"https:\/\/sertv.gob.pa\/crisolfm\/wp-json\/wp\/v2\/comments?post=20481"}],"version-history":[{"count":1,"href":"https:\/\/sertv.gob.pa\/crisolfm\/wp-json\/wp\/v2\/posts\/20481\/revisions"}],"predecessor-version":[{"id":20483,"href":"https:\/\/sertv.gob.pa\/crisolfm\/wp-json\/wp\/v2\/posts\/20481\/revisions\/20483"}],"wp:featuredmedia":[{"embeddable":true,"href":"https:\/\/sertv.gob.pa\/crisolfm\/wp-json\/wp\/v2\/media\/20482"}],"wp:attachment":[{"href":"https:\/\/sertv.gob.pa\/crisolfm\/wp-json\/wp\/v2\/media?parent=20481"}],"wp:term":[{"taxonomy":"category","embeddable":true,"href":"https:\/\/sertv.gob.pa\/crisolfm\/wp-json\/wp\/v2\/categories?post=20481"},{"taxonomy":"post_tag","embeddable":true,"href":"https:\/\/sertv.gob.pa\/crisolfm\/wp-json\/wp\/v2\/tags?post=20481"}],"curies":[{"name":"wp","href":"https:\/\/api.w.org\/{rel}","templated":true}]}}