{"id":20484,"date":"2019-06-05T13:37:55","date_gmt":"2019-06-05T13:37:55","guid":{"rendered":"https:\/\/sertv.gob.pa\/crisolfm\/?p=20484"},"modified":"2019-06-05T13:37:55","modified_gmt":"2019-06-05T13:37:55","slug":"la-contaminacion-mata-a-mas-espanoles-que-los-accidentes-de-trafico","status":"publish","type":"post","link":"https:\/\/sertv.gob.pa\/crisolfm\/la-contaminacion-mata-a-mas-espanoles-que-los-accidentes-de-trafico\/","title":{"rendered":"La contaminaci\u00f3n mata a m\u00e1s espa\u00f1oles que los accidentes de tr\u00e1fico"},"content":{"rendered":"<p><strong>La contaminaci\u00f3n del aire<\/strong> causa aproximadamente 10.000 muertes anuales en Espa\u00f1a, cifra que supera los 1.700 fallecimientos anuales asociados a los accidentes de tr\u00e1fico, ha destacado la Sociedad Espa\u00f1ola de Neumolog\u00eda y Cirug\u00eda Tor\u00e1cica (SEPAR), en el marco del D\u00eda Mundial del Medio Ambiente, que tiene lugar este 5 de junio. De este modo, la contaminaci\u00f3n se sit\u00faa como la cuarta causa de mortalidad a nivel mundial con 7 millones de fallecimientos, seg\u00fan ha apuntado la Organizaci\u00f3n Mundial de la Salud (OMS).<\/p>\n<p><em>Los contaminantes m\u00e1s perjudiciales son los \u00f3xidos de nitr\u00f3geno (NO2)<\/em>, que provocan alrededor de 6.000 muertes al a\u00f1o en Espa\u00f1a; el ozono troposf\u00e9rico, con m\u00e1s de 500 fallecimientos; el di\u00f3xido de azufre; el mon\u00f3xido de carbono, o el plomo. Estos factores, a pesar de ser invisibles, pueden suponer graves efectos para la salud, fundamentalmente en \u00f3rganos como los pulmones o el coraz\u00f3n.<\/p>\n<p>ECOticias<\/p>\n","protected":false},"excerpt":{"rendered":"<p>La contaminaci\u00f3n del aire causa aproximadamente 10.000 muertes anuales en <a href=\"https:\/\/sertv.gob.pa\/crisolfm\/la-contaminacion-mata-a-mas-espanoles-que-los-accidentes-de-trafico\/\"> [&#8230;]<\/a><\/p>\n","protected":false},"author":64,"featured_media":20485,"comment_status":"closed","ping_status":"closed","sticky":false,"template":"","format":"standard","meta":{"footnotes":""},"categories":[7],"tags":[],"class_list":["post-20484","post","type-post","status-publish","format-standard","has-post-thumbnail","hentry","category-ecologicas"],"_links":{"self":[{"href":"https:\/\/sertv.gob.pa\/crisolfm\/wp-json\/wp\/v2\/posts\/20484","targetHints":{"allow":["GET"]}}],"collection":[{"href":"https:\/\/sertv.gob.pa\/crisolfm\/wp-json\/wp\/v2\/posts"}],"about":[{"href":"https:\/\/sertv.gob.pa\/crisolfm\/wp-json\/wp\/v2\/types\/post"}],"author":[{"embeddable":true,"href":"https:\/\/sertv.gob.pa\/crisolfm\/wp-json\/wp\/v2\/users\/64"}],"replies":[{"embeddable":true,"href":"https:\/\/sertv.gob.pa\/crisolfm\/wp-json\/wp\/v2\/comments?post=20484"}],"version-history":[{"count":1,"href":"https:\/\/sertv.gob.pa\/crisolfm\/wp-json\/wp\/v2\/posts\/20484\/revisions"}],"predecessor-version":[{"id":20486,"href":"https:\/\/sertv.gob.pa\/crisolfm\/wp-json\/wp\/v2\/posts\/20484\/revisions\/20486"}],"wp:featuredmedia":[{"embeddable":true,"href":"https:\/\/sertv.gob.pa\/crisolfm\/wp-json\/wp\/v2\/media\/20485"}],"wp:attachment":[{"href":"https:\/\/sertv.gob.pa\/crisolfm\/wp-json\/wp\/v2\/media?parent=20484"}],"wp:term":[{"taxonomy":"category","embeddable":true,"href":"https:\/\/sertv.gob.pa\/crisolfm\/wp-json\/wp\/v2\/categories?post=20484"},{"taxonomy":"post_tag","embeddable":true,"href":"https:\/\/sertv.gob.pa\/crisolfm\/wp-json\/wp\/v2\/tags?post=20484"}],"curies":[{"name":"wp","href":"https:\/\/api.w.org\/{rel}","templated":true}]}}