{"id":20496,"date":"2019-06-05T13:58:16","date_gmt":"2019-06-05T13:58:16","guid":{"rendered":"https:\/\/sertv.gob.pa\/crisolfm\/?p=20496"},"modified":"2019-06-05T13:58:16","modified_gmt":"2019-06-05T13:58:16","slug":"propondran-mejoras-en-el-lenguaje-del-cambio-climatico","status":"publish","type":"post","link":"https:\/\/sertv.gob.pa\/crisolfm\/propondran-mejoras-en-el-lenguaje-del-cambio-climatico\/","title":{"rendered":"Propondr\u00e1n mejoras en el lenguaje del cambio clim\u00e1tico"},"content":{"rendered":"<p>EFEverde, la plataforma de informaci\u00f3n ambiental de la Agencia EFE, y la Fundaci\u00f3n del Espa\u00f1ol Urgente (Fund\u00e9u BBVA) revisar\u00e1n el lenguaje que se emplea en las noticias sobre cambio clim\u00e1tico y har\u00e1n propuestas para que las informaciones sobre este asunto ayuden a comprender su verdadera dimensi\u00f3n. Muchos estudiosos consideran que algunos de los t\u00e9rminos que se usan para informar sobre este problema (la propia expresi\u00f3n \u2018cambio clim\u00e1tico&#8217;, entre ellos) no ayudan a que los ciudadanos perciban con la claridad suficiente su magnitud y sus consecuencias. Esa es, por ejemplo, la conclusi\u00f3n de un estudio recientemente publicado en la revista Bioscience, en el que sus autores aseguran que en este campo se est\u00e1 utilizando un lenguaje muy conservador y poco expl\u00edcito.<\/p>\n<p>Algunos grandes medios internacionales, como The Guardian, han optado ya por introducir nuevos t\u00e9rminos en las informaciones sobre el cambio clim\u00e1tico y por sustituir algunos de los que ven\u00edan empleando. As\u00ed, el diario brit\u00e1nico decidi\u00f3 hace unos d\u00edas cambiar su libro de estilo para dar prioridad a expresiones como \u2018climate crisis&#8217; o \u2018climate emergency&#8217; (literalmente \u2018crisis clim\u00e1tica&#8217; o \u2018emergencia clim\u00e1tica&#8217;) frente a \u2018climate change&#8217; (\u2018cambio clim\u00e1tico&#8217;). Adem\u00e1s, y entre otras variaciones, dar\u00e1n preferencia a la palabra \u2018wildlife&#8217; (literalmente \u2018vida salvaje o silvestre&#8217;) frente a \u2018biodiversity&#8217; (\u2018biodiversidad&#8217;).<\/p>\n<p>EFE<\/p>\n<p>&nbsp;<\/p>\n","protected":false},"excerpt":{"rendered":"<p>EFEverde, la plataforma de informaci\u00f3n ambiental de la Agencia EFE, <a href=\"https:\/\/sertv.gob.pa\/crisolfm\/propondran-mejoras-en-el-lenguaje-del-cambio-climatico\/\"> [&#8230;]<\/a><\/p>\n","protected":false},"author":64,"featured_media":20497,"comment_status":"closed","ping_status":"closed","sticky":false,"template":"","format":"standard","meta":{"footnotes":""},"categories":[7],"tags":[],"class_list":["post-20496","post","type-post","status-publish","format-standard","has-post-thumbnail","hentry","category-ecologicas"],"_links":{"self":[{"href":"https:\/\/sertv.gob.pa\/crisolfm\/wp-json\/wp\/v2\/posts\/20496","targetHints":{"allow":["GET"]}}],"collection":[{"href":"https:\/\/sertv.gob.pa\/crisolfm\/wp-json\/wp\/v2\/posts"}],"about":[{"href":"https:\/\/sertv.gob.pa\/crisolfm\/wp-json\/wp\/v2\/types\/post"}],"author":[{"embeddable":true,"href":"https:\/\/sertv.gob.pa\/crisolfm\/wp-json\/wp\/v2\/users\/64"}],"replies":[{"embeddable":true,"href":"https:\/\/sertv.gob.pa\/crisolfm\/wp-json\/wp\/v2\/comments?post=20496"}],"version-history":[{"count":1,"href":"https:\/\/sertv.gob.pa\/crisolfm\/wp-json\/wp\/v2\/posts\/20496\/revisions"}],"predecessor-version":[{"id":20498,"href":"https:\/\/sertv.gob.pa\/crisolfm\/wp-json\/wp\/v2\/posts\/20496\/revisions\/20498"}],"wp:featuredmedia":[{"embeddable":true,"href":"https:\/\/sertv.gob.pa\/crisolfm\/wp-json\/wp\/v2\/media\/20497"}],"wp:attachment":[{"href":"https:\/\/sertv.gob.pa\/crisolfm\/wp-json\/wp\/v2\/media?parent=20496"}],"wp:term":[{"taxonomy":"category","embeddable":true,"href":"https:\/\/sertv.gob.pa\/crisolfm\/wp-json\/wp\/v2\/categories?post=20496"},{"taxonomy":"post_tag","embeddable":true,"href":"https:\/\/sertv.gob.pa\/crisolfm\/wp-json\/wp\/v2\/tags?post=20496"}],"curies":[{"name":"wp","href":"https:\/\/api.w.org\/{rel}","templated":true}]}}