{"id":20499,"date":"2019-06-05T14:02:43","date_gmt":"2019-06-05T14:02:43","guid":{"rendered":"https:\/\/sertv.gob.pa\/crisolfm\/?p=20499"},"modified":"2019-06-05T14:02:43","modified_gmt":"2019-06-05T14:02:43","slug":"conferencias-alusivas-a-la-comarca-guna-dule","status":"publish","type":"post","link":"https:\/\/sertv.gob.pa\/crisolfm\/conferencias-alusivas-a-la-comarca-guna-dule\/","title":{"rendered":"Conferencias alusivas a la comarca Guna Dule"},"content":{"rendered":"<p>El Museo del Canal Interoce\u00e1nico realizar\u00e1 un ciclo de conferencias que comenzar\u00e1n hoy, mi\u00e9rcoles. Los temas a tratar ser\u00e1n: \u2018La revoluci\u00f3n Dule tiene cara de mujer&#8217;, dictado por Jocabed Solano; \u2018El convenio de 1870 entre el pueblo Guna Dule y los Estados Unidos de Colombia, La comarca de Tulenega&#8217;, por Bernal Dami\u00e1n Castillo; seguido \u2018Los significados de la mola y la Convenci\u00f3n sobre los Patrimonios Cultural inmaterial de La Organizaci\u00f3n de las Naciones Unidas para la Educaci\u00f3n, la Ciencia y la Cultura (Unesco)&#8217;, dirigido por Sim\u00f3n Brown y por \u00faltimo \u2018ADN de restos arqueol\u00f3gicos de Panam\u00e1 Viejo y marcadores g\u00e9neticos guna&#8217;, dirigido por Carlos Fitzgerald.<\/p>\n<p>El encuentro durar\u00e1 desde la 1:00 hasta la 3:00 de la tarde.<\/p>\n","protected":false},"excerpt":{"rendered":"<p>El Museo del Canal Interoce\u00e1nico realizar\u00e1 un ciclo de conferencias <a href=\"https:\/\/sertv.gob.pa\/crisolfm\/conferencias-alusivas-a-la-comarca-guna-dule\/\"> [&#8230;]<\/a><\/p>\n","protected":false},"author":64,"featured_media":20500,"comment_status":"closed","ping_status":"closed","sticky":false,"template":"","format":"standard","meta":{"footnotes":""},"categories":[6],"tags":[],"class_list":["post-20499","post","type-post","status-publish","format-standard","has-post-thumbnail","hentry","category-culturales"],"_links":{"self":[{"href":"https:\/\/sertv.gob.pa\/crisolfm\/wp-json\/wp\/v2\/posts\/20499","targetHints":{"allow":["GET"]}}],"collection":[{"href":"https:\/\/sertv.gob.pa\/crisolfm\/wp-json\/wp\/v2\/posts"}],"about":[{"href":"https:\/\/sertv.gob.pa\/crisolfm\/wp-json\/wp\/v2\/types\/post"}],"author":[{"embeddable":true,"href":"https:\/\/sertv.gob.pa\/crisolfm\/wp-json\/wp\/v2\/users\/64"}],"replies":[{"embeddable":true,"href":"https:\/\/sertv.gob.pa\/crisolfm\/wp-json\/wp\/v2\/comments?post=20499"}],"version-history":[{"count":1,"href":"https:\/\/sertv.gob.pa\/crisolfm\/wp-json\/wp\/v2\/posts\/20499\/revisions"}],"predecessor-version":[{"id":20501,"href":"https:\/\/sertv.gob.pa\/crisolfm\/wp-json\/wp\/v2\/posts\/20499\/revisions\/20501"}],"wp:featuredmedia":[{"embeddable":true,"href":"https:\/\/sertv.gob.pa\/crisolfm\/wp-json\/wp\/v2\/media\/20500"}],"wp:attachment":[{"href":"https:\/\/sertv.gob.pa\/crisolfm\/wp-json\/wp\/v2\/media?parent=20499"}],"wp:term":[{"taxonomy":"category","embeddable":true,"href":"https:\/\/sertv.gob.pa\/crisolfm\/wp-json\/wp\/v2\/categories?post=20499"},{"taxonomy":"post_tag","embeddable":true,"href":"https:\/\/sertv.gob.pa\/crisolfm\/wp-json\/wp\/v2\/tags?post=20499"}],"curies":[{"name":"wp","href":"https:\/\/api.w.org\/{rel}","templated":true}]}}