{"id":20508,"date":"2019-06-05T14:30:08","date_gmt":"2019-06-05T14:30:08","guid":{"rendered":"https:\/\/sertv.gob.pa\/crisolfm\/?p=20508"},"modified":"2019-06-05T14:30:08","modified_gmt":"2019-06-05T14:30:08","slug":"dos-noches-llenas-de-pasion-con-la-musica-flamenco-en-teatro-en-circulo","status":"publish","type":"post","link":"https:\/\/sertv.gob.pa\/crisolfm\/dos-noches-llenas-de-pasion-con-la-musica-flamenco-en-teatro-en-circulo\/","title":{"rendered":"Dos noches llenas de pasi\u00f3n con la m\u00fasica flamenco en Teatro En C\u00edrculo"},"content":{"rendered":"<p>Bailes, presentaciones art\u00edsticas y aprendizaje sobre la cultura del flamenco podr\u00e1n apreciar los asistentes hoy y ma\u00f1ana, en el Teatro En C\u00edrculo a las 7:30 p.m., durante la primera versi\u00f3n de \u201cLa Calle del Pa\u00f1uelo\u201d. Los 2 d\u00edas ser\u00e1n inspirados en las calles antiguas del pa\u00f1uelo, Andaluc\u00eda y C\u00f3rdoba.<\/p>\n<p>El opening de hoy estar\u00e1 a cargo de la cantautora paname\u00f1a Karla Lamboglia y ma\u00f1ana se presentar\u00e1 Iv\u00e1n Barrios. Igualmente, contar\u00e1n con la participaci\u00f3n especial del cantante espa\u00f1ol de flamenco Rub\u00e9n Marqu\u00e9z, en el baile estar\u00e1 Laureano Granados y en la guitarra \u00c1ngel Ruiz. Tambi\u00e9n, los paname\u00f1os Vicente Carrasco (Guitarra flamenca) y Alejandro Guerra (Percusiones).<\/p>\n<p>&nbsp;<\/p>\n<p>&nbsp;<\/p>\n","protected":false},"excerpt":{"rendered":"<p>Bailes, presentaciones art\u00edsticas y aprendizaje sobre la cultura del flamenco <a href=\"https:\/\/sertv.gob.pa\/crisolfm\/dos-noches-llenas-de-pasion-con-la-musica-flamenco-en-teatro-en-circulo\/\"> [&#8230;]<\/a><\/p>\n","protected":false},"author":64,"featured_media":20509,"comment_status":"closed","ping_status":"closed","sticky":false,"template":"","format":"standard","meta":{"footnotes":""},"categories":[6],"tags":[],"class_list":["post-20508","post","type-post","status-publish","format-standard","has-post-thumbnail","hentry","category-culturales"],"_links":{"self":[{"href":"https:\/\/sertv.gob.pa\/crisolfm\/wp-json\/wp\/v2\/posts\/20508","targetHints":{"allow":["GET"]}}],"collection":[{"href":"https:\/\/sertv.gob.pa\/crisolfm\/wp-json\/wp\/v2\/posts"}],"about":[{"href":"https:\/\/sertv.gob.pa\/crisolfm\/wp-json\/wp\/v2\/types\/post"}],"author":[{"embeddable":true,"href":"https:\/\/sertv.gob.pa\/crisolfm\/wp-json\/wp\/v2\/users\/64"}],"replies":[{"embeddable":true,"href":"https:\/\/sertv.gob.pa\/crisolfm\/wp-json\/wp\/v2\/comments?post=20508"}],"version-history":[{"count":1,"href":"https:\/\/sertv.gob.pa\/crisolfm\/wp-json\/wp\/v2\/posts\/20508\/revisions"}],"predecessor-version":[{"id":20510,"href":"https:\/\/sertv.gob.pa\/crisolfm\/wp-json\/wp\/v2\/posts\/20508\/revisions\/20510"}],"wp:featuredmedia":[{"embeddable":true,"href":"https:\/\/sertv.gob.pa\/crisolfm\/wp-json\/wp\/v2\/media\/20509"}],"wp:attachment":[{"href":"https:\/\/sertv.gob.pa\/crisolfm\/wp-json\/wp\/v2\/media?parent=20508"}],"wp:term":[{"taxonomy":"category","embeddable":true,"href":"https:\/\/sertv.gob.pa\/crisolfm\/wp-json\/wp\/v2\/categories?post=20508"},{"taxonomy":"post_tag","embeddable":true,"href":"https:\/\/sertv.gob.pa\/crisolfm\/wp-json\/wp\/v2\/tags?post=20508"}],"curies":[{"name":"wp","href":"https:\/\/api.w.org\/{rel}","templated":true}]}}