{"id":20511,"date":"2019-06-05T14:35:52","date_gmt":"2019-06-05T14:35:52","guid":{"rendered":"https:\/\/sertv.gob.pa\/crisolfm\/?p=20511"},"modified":"2019-06-05T14:35:52","modified_gmt":"2019-06-05T14:35:52","slug":"madrid-celebra-el-dia-mundial-del-medio-ambiente","status":"publish","type":"post","link":"https:\/\/sertv.gob.pa\/crisolfm\/madrid-celebra-el-dia-mundial-del-medio-ambiente\/","title":{"rendered":"Madrid celebra El D\u00eda Mundial del Medio Ambiente"},"content":{"rendered":"<p>Este mi\u00e9rcoles 5 de junio, D\u00eda Mundial del Medio Ambiente, escolares de diversos centros educativos de la ciudad han participado en una bicicletada, dentro del proyecto europeo ECCENTRIC-STARS, del que hace a\u00f1os participa del Ayuntamiento de Madrid. Un a\u00f1o m\u00e1s, con este es el sexto, el Ayuntamiento de Madrid estar\u00e1 presente en MADbird 2019, feria internacional de observaci\u00f3n de la naturaleza donde educadores ambientales informar\u00e1n sobre zonas de inter\u00e9s bot\u00e1nico y faun\u00edstico de la ciudad. En el Centro de Informaci\u00f3n y Educaci\u00f3n Ambiental de El Retiro se celebrar\u00e1 la Fiesta de Santiago el Verde, donde, adem\u00e1s de un mercado con alternativas de consumo responsable, la Asociaci\u00f3n Plantamos \u00c1rboles repartir\u00e1 ejemplares a <em>las personas que se comprometan a plantarlos y cuidarlos.<\/em><\/p>\n<p>Bicicletada escolar con la participaci\u00f3n de cientos de ni\u00f1os y ni\u00f1as, reparto de \u00e1rboles a quien se comprometa a cuidarlos, feria internacional de ecoturismo y mercadillo agroecol\u00f3gico. El \u00c1rea de Gobierno de Medio Ambiente y Movilidad del Ayuntamiento de Madrid, a trav\u00e9s del <strong>departamento de Educaci\u00f3n Ambiental<\/strong>, se suma un a\u00f1o m\u00e1s a la conmemoraci\u00f3n del D\u00eda Mundial del Medio Ambiente con propuestas para todas las edades.<\/p>\n<p>ECOticias<\/p>\n<p>&nbsp;<\/p>\n","protected":false},"excerpt":{"rendered":"<p>Este mi\u00e9rcoles 5 de junio, D\u00eda Mundial del Medio Ambiente, <a href=\"https:\/\/sertv.gob.pa\/crisolfm\/madrid-celebra-el-dia-mundial-del-medio-ambiente\/\"> [&#8230;]<\/a><\/p>\n","protected":false},"author":64,"featured_media":20512,"comment_status":"closed","ping_status":"closed","sticky":false,"template":"","format":"standard","meta":{"footnotes":""},"categories":[7],"tags":[],"class_list":["post-20511","post","type-post","status-publish","format-standard","has-post-thumbnail","hentry","category-ecologicas"],"_links":{"self":[{"href":"https:\/\/sertv.gob.pa\/crisolfm\/wp-json\/wp\/v2\/posts\/20511","targetHints":{"allow":["GET"]}}],"collection":[{"href":"https:\/\/sertv.gob.pa\/crisolfm\/wp-json\/wp\/v2\/posts"}],"about":[{"href":"https:\/\/sertv.gob.pa\/crisolfm\/wp-json\/wp\/v2\/types\/post"}],"author":[{"embeddable":true,"href":"https:\/\/sertv.gob.pa\/crisolfm\/wp-json\/wp\/v2\/users\/64"}],"replies":[{"embeddable":true,"href":"https:\/\/sertv.gob.pa\/crisolfm\/wp-json\/wp\/v2\/comments?post=20511"}],"version-history":[{"count":1,"href":"https:\/\/sertv.gob.pa\/crisolfm\/wp-json\/wp\/v2\/posts\/20511\/revisions"}],"predecessor-version":[{"id":20513,"href":"https:\/\/sertv.gob.pa\/crisolfm\/wp-json\/wp\/v2\/posts\/20511\/revisions\/20513"}],"wp:featuredmedia":[{"embeddable":true,"href":"https:\/\/sertv.gob.pa\/crisolfm\/wp-json\/wp\/v2\/media\/20512"}],"wp:attachment":[{"href":"https:\/\/sertv.gob.pa\/crisolfm\/wp-json\/wp\/v2\/media?parent=20511"}],"wp:term":[{"taxonomy":"category","embeddable":true,"href":"https:\/\/sertv.gob.pa\/crisolfm\/wp-json\/wp\/v2\/categories?post=20511"},{"taxonomy":"post_tag","embeddable":true,"href":"https:\/\/sertv.gob.pa\/crisolfm\/wp-json\/wp\/v2\/tags?post=20511"}],"curies":[{"name":"wp","href":"https:\/\/api.w.org\/{rel}","templated":true}]}}