{"id":20527,"date":"2019-06-06T13:35:45","date_gmt":"2019-06-06T13:35:45","guid":{"rendered":"https:\/\/sertv.gob.pa\/crisolfm\/?p=20527"},"modified":"2019-06-06T13:35:45","modified_gmt":"2019-06-06T13:35:45","slug":"la-onu-y-national-geographic-se-unen-para-alertar-del-problema-del-plastico","status":"publish","type":"post","link":"https:\/\/sertv.gob.pa\/crisolfm\/la-onu-y-national-geographic-se-unen-para-alertar-del-problema-del-plastico\/","title":{"rendered":"La ONU y National Geographic se unen para alertar del problema del pl\u00e1stico"},"content":{"rendered":"<p>La ONU y National Geographic inauguraron este martes una exposici\u00f3n que busca alertar del problema del pl\u00e1stico y animar a todo el mundo a tomar medidas para frenar el uso de productos de un solo uso fabricados con ese material, como bolsas de la compra o botellines de agua. Bajo el t\u00edtulo \u00abPlanet or Plastic?\u00bb, la muestra recoge a trav\u00e9s de fotograf\u00edas, v\u00eddeos e infograf\u00edas la historia del pl\u00e1stico y c\u00f3mo hoy su uso masivo y la falta de reciclado est\u00e1 contaminando los oc\u00e9anos.<\/p>\n<p>\u00abTenemos un problema enorme\u00bb, resumi\u00f3 la actriz Whoopi Goldberg, que hizo de maestra de ceremonias en el acto con el que se abri\u00f3 oficialmente la exposici\u00f3n en la sede de Naciones Unidas. Tal y como record\u00f3 Goldberg, al menos 8 millones de toneladas de pl\u00e1sticos terminan cada a\u00f1o en los oc\u00e9anos, una cifra que algunos estudios ampl\u00edan hasta 12 millones.<\/p>\n<p>Una gran parte de esos pl\u00e1sticos son art\u00edculos de un solo uso, un tipo de productos que Naciones Unidas se ha propuesto combatir con una campa\u00f1a liderada por la presidenta de su Asamblea General, la ecuatoriana Mar\u00eda Fernanda Espinosa. \u00ab\u00bfDe verdad tenemos que usar un bill\u00f3n de bolsas de pl\u00e1stico al a\u00f1o? \u00bfDe verdad necesitamos millones de tapas para vasos de caf\u00e9 tiradas un momento despu\u00e9s de su uso? No lo creo\u00bb, defendi\u00f3 Espinosa en un discurso. La diplom\u00e1tica record\u00f3 que hay \u00abclaras alternativas disponibles\u00bb y que lo \u00fanico que hace falta es \u00abdecidir cambiar\u00bb. \u00abTenemos que elegir eliminar progresivamente los pl\u00e1sticos de un solo uso\u00bb, insisti\u00f3 Espinosa, que ha empezado por impulsar ese cambio dentro de la sede de Naciones Unidas.<\/p>\n<p>EFE<\/p>\n","protected":false},"excerpt":{"rendered":"<p>La ONU y National Geographic inauguraron este martes una exposici\u00f3n <a href=\"https:\/\/sertv.gob.pa\/crisolfm\/la-onu-y-national-geographic-se-unen-para-alertar-del-problema-del-plastico\/\"> [&#8230;]<\/a><\/p>\n","protected":false},"author":64,"featured_media":20528,"comment_status":"closed","ping_status":"closed","sticky":false,"template":"","format":"standard","meta":{"footnotes":""},"categories":[7],"tags":[],"class_list":["post-20527","post","type-post","status-publish","format-standard","has-post-thumbnail","hentry","category-ecologicas"],"_links":{"self":[{"href":"https:\/\/sertv.gob.pa\/crisolfm\/wp-json\/wp\/v2\/posts\/20527","targetHints":{"allow":["GET"]}}],"collection":[{"href":"https:\/\/sertv.gob.pa\/crisolfm\/wp-json\/wp\/v2\/posts"}],"about":[{"href":"https:\/\/sertv.gob.pa\/crisolfm\/wp-json\/wp\/v2\/types\/post"}],"author":[{"embeddable":true,"href":"https:\/\/sertv.gob.pa\/crisolfm\/wp-json\/wp\/v2\/users\/64"}],"replies":[{"embeddable":true,"href":"https:\/\/sertv.gob.pa\/crisolfm\/wp-json\/wp\/v2\/comments?post=20527"}],"version-history":[{"count":1,"href":"https:\/\/sertv.gob.pa\/crisolfm\/wp-json\/wp\/v2\/posts\/20527\/revisions"}],"predecessor-version":[{"id":20529,"href":"https:\/\/sertv.gob.pa\/crisolfm\/wp-json\/wp\/v2\/posts\/20527\/revisions\/20529"}],"wp:featuredmedia":[{"embeddable":true,"href":"https:\/\/sertv.gob.pa\/crisolfm\/wp-json\/wp\/v2\/media\/20528"}],"wp:attachment":[{"href":"https:\/\/sertv.gob.pa\/crisolfm\/wp-json\/wp\/v2\/media?parent=20527"}],"wp:term":[{"taxonomy":"category","embeddable":true,"href":"https:\/\/sertv.gob.pa\/crisolfm\/wp-json\/wp\/v2\/categories?post=20527"},{"taxonomy":"post_tag","embeddable":true,"href":"https:\/\/sertv.gob.pa\/crisolfm\/wp-json\/wp\/v2\/tags?post=20527"}],"curies":[{"name":"wp","href":"https:\/\/api.w.org\/{rel}","templated":true}]}}