{"id":20536,"date":"2019-06-06T14:14:24","date_gmt":"2019-06-06T14:14:24","guid":{"rendered":"https:\/\/sertv.gob.pa\/crisolfm\/?p=20536"},"modified":"2019-06-06T14:14:24","modified_gmt":"2019-06-06T14:14:24","slug":"documental-la-negociacion-de-margarita-martinez","status":"publish","type":"post","link":"https:\/\/sertv.gob.pa\/crisolfm\/documental-la-negociacion-de-margarita-martinez\/","title":{"rendered":"Documental, \u201cLa Negociaci\u00f3n\u201d, de Margarita Mart\u00ednez"},"content":{"rendered":"<p>La fundaci\u00f3n Ciudad del Saber invita a la presentaci\u00f3n del documental \u2018La Negociaci\u00f3n&#8217;, de Margarita Mart\u00ednez, documentalista y periodista colombiana. En este relato se podr\u00e1 apreciar im\u00e1genes nunca antes vistas, entrevistas exclusivas y la voz de todas las partes involucradas en las negociaciones de paz entre el gobierno colombiano de Juan Manuel Santos y la guerrilla de las Fuerzas Armadas de Revolucionaria de Colombia (FARC).<\/p>\n<p>La proyecci\u00f3n de documental ser\u00e1 el pr\u00f3ximo 26 de junio, a las 5:00 de la tarde, en el Centro de Convenciones Ciudad del Saber, edificio 184. La entrada es general.<\/p>\n<p>&nbsp;<\/p>\n","protected":false},"excerpt":{"rendered":"<p>La fundaci\u00f3n Ciudad del Saber invita a la presentaci\u00f3n del <a href=\"https:\/\/sertv.gob.pa\/crisolfm\/documental-la-negociacion-de-margarita-martinez\/\"> [&#8230;]<\/a><\/p>\n","protected":false},"author":64,"featured_media":20538,"comment_status":"closed","ping_status":"closed","sticky":false,"template":"","format":"standard","meta":{"footnotes":""},"categories":[6],"tags":[],"class_list":["post-20536","post","type-post","status-publish","format-standard","has-post-thumbnail","hentry","category-culturales"],"_links":{"self":[{"href":"https:\/\/sertv.gob.pa\/crisolfm\/wp-json\/wp\/v2\/posts\/20536","targetHints":{"allow":["GET"]}}],"collection":[{"href":"https:\/\/sertv.gob.pa\/crisolfm\/wp-json\/wp\/v2\/posts"}],"about":[{"href":"https:\/\/sertv.gob.pa\/crisolfm\/wp-json\/wp\/v2\/types\/post"}],"author":[{"embeddable":true,"href":"https:\/\/sertv.gob.pa\/crisolfm\/wp-json\/wp\/v2\/users\/64"}],"replies":[{"embeddable":true,"href":"https:\/\/sertv.gob.pa\/crisolfm\/wp-json\/wp\/v2\/comments?post=20536"}],"version-history":[{"count":1,"href":"https:\/\/sertv.gob.pa\/crisolfm\/wp-json\/wp\/v2\/posts\/20536\/revisions"}],"predecessor-version":[{"id":20539,"href":"https:\/\/sertv.gob.pa\/crisolfm\/wp-json\/wp\/v2\/posts\/20536\/revisions\/20539"}],"wp:featuredmedia":[{"embeddable":true,"href":"https:\/\/sertv.gob.pa\/crisolfm\/wp-json\/wp\/v2\/media\/20538"}],"wp:attachment":[{"href":"https:\/\/sertv.gob.pa\/crisolfm\/wp-json\/wp\/v2\/media?parent=20536"}],"wp:term":[{"taxonomy":"category","embeddable":true,"href":"https:\/\/sertv.gob.pa\/crisolfm\/wp-json\/wp\/v2\/categories?post=20536"},{"taxonomy":"post_tag","embeddable":true,"href":"https:\/\/sertv.gob.pa\/crisolfm\/wp-json\/wp\/v2\/tags?post=20536"}],"curies":[{"name":"wp","href":"https:\/\/api.w.org\/{rel}","templated":true}]}}