{"id":20540,"date":"2019-06-06T14:27:19","date_gmt":"2019-06-06T14:27:19","guid":{"rendered":"https:\/\/sertv.gob.pa\/crisolfm\/?p=20540"},"modified":"2019-06-06T14:27:19","modified_gmt":"2019-06-06T14:27:19","slug":"vi-edicion-de-flamenco-festival-de-panama-en-atlapa","status":"publish","type":"post","link":"https:\/\/sertv.gob.pa\/crisolfm\/vi-edicion-de-flamenco-festival-de-panama-en-atlapa\/","title":{"rendered":"VI edici\u00f3n de Flamenco Festival de Panam\u00e1 en Atlapa"},"content":{"rendered":"<p>La sexta edici\u00f3n de Flamenco Festival de Panam\u00e1 se realizar\u00e1 el pr\u00f3ximo 15 de junio en el Teatro Anayansi de Atlapa a las 8:00 p.m.<\/p>\n<p>La bailarina, Anita Loynaz, cont\u00f3 que este a\u00f1o el show durar\u00e1 una hora y media, luego habr\u00e1 un after party hasta la 1:00 a.m., donde se presentar\u00e1n bailarines de m\u00e1s de 7 pa\u00edses y tendr\u00e1n una feria de tapas y vinos con stands inspirados en la feria de Sevilla.<\/p>\n<p>La bailarina Loynaz manifest\u00f3 que el evento forma parte de la celebraci\u00f3n de los 500 a\u00f1os de la Fundaci\u00f3n de la Antigua Ciudad, e igualmente parte de lo recaudado ir\u00e1 destinado a la Fundaci\u00f3n Activados Panam\u00e1.<\/p>\n<p>&nbsp;<\/p>\n<p>&nbsp;<\/p>\n","protected":false},"excerpt":{"rendered":"<p>La sexta edici\u00f3n de Flamenco Festival de Panam\u00e1 se realizar\u00e1 <a href=\"https:\/\/sertv.gob.pa\/crisolfm\/vi-edicion-de-flamenco-festival-de-panama-en-atlapa\/\"> [&#8230;]<\/a><\/p>\n","protected":false},"author":64,"featured_media":20541,"comment_status":"closed","ping_status":"closed","sticky":false,"template":"","format":"standard","meta":{"footnotes":""},"categories":[6],"tags":[],"class_list":["post-20540","post","type-post","status-publish","format-standard","has-post-thumbnail","hentry","category-culturales"],"_links":{"self":[{"href":"https:\/\/sertv.gob.pa\/crisolfm\/wp-json\/wp\/v2\/posts\/20540","targetHints":{"allow":["GET"]}}],"collection":[{"href":"https:\/\/sertv.gob.pa\/crisolfm\/wp-json\/wp\/v2\/posts"}],"about":[{"href":"https:\/\/sertv.gob.pa\/crisolfm\/wp-json\/wp\/v2\/types\/post"}],"author":[{"embeddable":true,"href":"https:\/\/sertv.gob.pa\/crisolfm\/wp-json\/wp\/v2\/users\/64"}],"replies":[{"embeddable":true,"href":"https:\/\/sertv.gob.pa\/crisolfm\/wp-json\/wp\/v2\/comments?post=20540"}],"version-history":[{"count":1,"href":"https:\/\/sertv.gob.pa\/crisolfm\/wp-json\/wp\/v2\/posts\/20540\/revisions"}],"predecessor-version":[{"id":20542,"href":"https:\/\/sertv.gob.pa\/crisolfm\/wp-json\/wp\/v2\/posts\/20540\/revisions\/20542"}],"wp:featuredmedia":[{"embeddable":true,"href":"https:\/\/sertv.gob.pa\/crisolfm\/wp-json\/wp\/v2\/media\/20541"}],"wp:attachment":[{"href":"https:\/\/sertv.gob.pa\/crisolfm\/wp-json\/wp\/v2\/media?parent=20540"}],"wp:term":[{"taxonomy":"category","embeddable":true,"href":"https:\/\/sertv.gob.pa\/crisolfm\/wp-json\/wp\/v2\/categories?post=20540"},{"taxonomy":"post_tag","embeddable":true,"href":"https:\/\/sertv.gob.pa\/crisolfm\/wp-json\/wp\/v2\/tags?post=20540"}],"curies":[{"name":"wp","href":"https:\/\/api.w.org\/{rel}","templated":true}]}}