{"id":20552,"date":"2019-06-06T15:22:18","date_gmt":"2019-06-06T15:22:18","guid":{"rendered":"https:\/\/sertv.gob.pa\/crisolfm\/?p=20552"},"modified":"2019-06-06T15:22:18","modified_gmt":"2019-06-06T15:22:18","slug":"sinfonica-de-la-universidad-de-panama-participo-en-el-festival-saint-malo","status":"publish","type":"post","link":"https:\/\/sertv.gob.pa\/crisolfm\/sinfonica-de-la-universidad-de-panama-participo-en-el-festival-saint-malo\/","title":{"rendered":"Sinf\u00f3nica de la Universidad de Panam\u00e1 particip\u00f3 en el Festival Saint Malo"},"content":{"rendered":"<p>La Orquesta Sinf\u00f3nica de la Universidad de Panam\u00e1, dirigida por Sebasti\u00e1n\u00a0Cohen (Argentina\/Panam\u00e1), particip\u00f3\u00a0en el XIII Festival Internacional de M\u00fasica Alfredo de Saint Malo.<\/p>\n<p>Durante el concierto que se celebr\u00f3 en el Domo Universitario del Campus Harmodio Arias Madrid, igualmente se present\u00f3 el\u00a0Cuarteto\u00a0Versatile, dirigido por Luis Troestsch, decano de la Facultad de Bellas Artes, deleitando al p\u00fablico con temas como \u201cPasillo El Suspiro de una fea\u201d \u201cTonada\u00a0del ni\u00f1o campesino\u201d, \u201cHistoria de un Amor\u201d y\u00a0\u201cCabanga\u201d. Cohen explic\u00f3 que esta orquesta est\u00e1 conformada por 70 estudiantes de licenciatura de la facultad de Bellas Artes, as\u00ed como algunos maestros,\u00a0quienes se suman a este proyecto.<\/p>\n<p>En la presentaci\u00f3n de la Orquesta Sinf\u00f3nica de la Universidad de Panam\u00e1, se toc\u00f3 la sinfon\u00eda No. 5 en Mi Menor, Op 64, as\u00ed como \u201cPoemas con Trova y Son\u201d del cubano Guido L\u00f3pez Gavil\u00e1n, donde se utilizaron instrumentos africanos y percusi\u00f3n.<\/p>\n<p>&nbsp;<\/p>\n<p>&nbsp;<\/p>\n","protected":false},"excerpt":{"rendered":"<p>La Orquesta Sinf\u00f3nica de la Universidad de Panam\u00e1, dirigida por <a href=\"https:\/\/sertv.gob.pa\/crisolfm\/sinfonica-de-la-universidad-de-panama-participo-en-el-festival-saint-malo\/\"> [&#8230;]<\/a><\/p>\n","protected":false},"author":64,"featured_media":20554,"comment_status":"closed","ping_status":"closed","sticky":false,"template":"","format":"standard","meta":{"footnotes":""},"categories":[6],"tags":[],"class_list":["post-20552","post","type-post","status-publish","format-standard","has-post-thumbnail","hentry","category-culturales"],"_links":{"self":[{"href":"https:\/\/sertv.gob.pa\/crisolfm\/wp-json\/wp\/v2\/posts\/20552","targetHints":{"allow":["GET"]}}],"collection":[{"href":"https:\/\/sertv.gob.pa\/crisolfm\/wp-json\/wp\/v2\/posts"}],"about":[{"href":"https:\/\/sertv.gob.pa\/crisolfm\/wp-json\/wp\/v2\/types\/post"}],"author":[{"embeddable":true,"href":"https:\/\/sertv.gob.pa\/crisolfm\/wp-json\/wp\/v2\/users\/64"}],"replies":[{"embeddable":true,"href":"https:\/\/sertv.gob.pa\/crisolfm\/wp-json\/wp\/v2\/comments?post=20552"}],"version-history":[{"count":1,"href":"https:\/\/sertv.gob.pa\/crisolfm\/wp-json\/wp\/v2\/posts\/20552\/revisions"}],"predecessor-version":[{"id":20555,"href":"https:\/\/sertv.gob.pa\/crisolfm\/wp-json\/wp\/v2\/posts\/20552\/revisions\/20555"}],"wp:featuredmedia":[{"embeddable":true,"href":"https:\/\/sertv.gob.pa\/crisolfm\/wp-json\/wp\/v2\/media\/20554"}],"wp:attachment":[{"href":"https:\/\/sertv.gob.pa\/crisolfm\/wp-json\/wp\/v2\/media?parent=20552"}],"wp:term":[{"taxonomy":"category","embeddable":true,"href":"https:\/\/sertv.gob.pa\/crisolfm\/wp-json\/wp\/v2\/categories?post=20552"},{"taxonomy":"post_tag","embeddable":true,"href":"https:\/\/sertv.gob.pa\/crisolfm\/wp-json\/wp\/v2\/tags?post=20552"}],"curies":[{"name":"wp","href":"https:\/\/api.w.org\/{rel}","templated":true}]}}