{"id":20571,"date":"2019-06-07T13:45:12","date_gmt":"2019-06-07T13:45:12","guid":{"rendered":"https:\/\/sertv.gob.pa\/crisolfm\/?p=20571"},"modified":"2019-06-07T13:45:12","modified_gmt":"2019-06-07T13:45:12","slug":"crean-en-paris-el-mayor-mural-de-arte-urbano-de-europa","status":"publish","type":"post","link":"https:\/\/sertv.gob.pa\/crisolfm\/crean-en-paris-el-mayor-mural-de-arte-urbano-de-europa\/","title":{"rendered":"Crean en Par\u00eds el mayor mural de arte urbano de Europa"},"content":{"rendered":"<p>El arte urbano se extiende en Par\u00eds. El d\u00fao de artistas franceses Ella y Pitr realizaban este jueves el mayor fresco de Europa en la azotea de un centro de exposiciones en Par\u00eds. Ella y Pitr ya son conocidos por sus obras monumentales en tejados, campos y fachadas. Con este mural van a batir su propio r\u00e9cord, establecido con una obra en Noruega en 2015 para el Nuart Festival.<\/p>\n<p>Con pulverizadores en la mano y trajes manchados de pintura, los dos artistas, junto a un grupo de voluntarios de la asociaci\u00f3n Art en ville, pintaban el jueves una superficie de 2.3 hect\u00e1reas (4 campos de f\u00fatbol). Una obra que ser\u00e1 visible desde la azotea del pabell\u00f3n 7 del centro Par\u00eds Expo, en el sur de la capital gala, y que necesitar\u00e1 unos diez d\u00edas de trabajo. La labor tendr\u00eda que acabarse el lunes o el martes, en funci\u00f3n de las condiciones meteorol\u00f3gicas.<\/p>\n<p>AFP<\/p>\n","protected":false},"excerpt":{"rendered":"<p>El arte urbano se extiende en Par\u00eds. El d\u00fao de <a href=\"https:\/\/sertv.gob.pa\/crisolfm\/crean-en-paris-el-mayor-mural-de-arte-urbano-de-europa\/\"> [&#8230;]<\/a><\/p>\n","protected":false},"author":64,"featured_media":20572,"comment_status":"closed","ping_status":"closed","sticky":false,"template":"","format":"standard","meta":{"footnotes":""},"categories":[6],"tags":[],"class_list":["post-20571","post","type-post","status-publish","format-standard","has-post-thumbnail","hentry","category-culturales"],"_links":{"self":[{"href":"https:\/\/sertv.gob.pa\/crisolfm\/wp-json\/wp\/v2\/posts\/20571","targetHints":{"allow":["GET"]}}],"collection":[{"href":"https:\/\/sertv.gob.pa\/crisolfm\/wp-json\/wp\/v2\/posts"}],"about":[{"href":"https:\/\/sertv.gob.pa\/crisolfm\/wp-json\/wp\/v2\/types\/post"}],"author":[{"embeddable":true,"href":"https:\/\/sertv.gob.pa\/crisolfm\/wp-json\/wp\/v2\/users\/64"}],"replies":[{"embeddable":true,"href":"https:\/\/sertv.gob.pa\/crisolfm\/wp-json\/wp\/v2\/comments?post=20571"}],"version-history":[{"count":1,"href":"https:\/\/sertv.gob.pa\/crisolfm\/wp-json\/wp\/v2\/posts\/20571\/revisions"}],"predecessor-version":[{"id":20573,"href":"https:\/\/sertv.gob.pa\/crisolfm\/wp-json\/wp\/v2\/posts\/20571\/revisions\/20573"}],"wp:featuredmedia":[{"embeddable":true,"href":"https:\/\/sertv.gob.pa\/crisolfm\/wp-json\/wp\/v2\/media\/20572"}],"wp:attachment":[{"href":"https:\/\/sertv.gob.pa\/crisolfm\/wp-json\/wp\/v2\/media?parent=20571"}],"wp:term":[{"taxonomy":"category","embeddable":true,"href":"https:\/\/sertv.gob.pa\/crisolfm\/wp-json\/wp\/v2\/categories?post=20571"},{"taxonomy":"post_tag","embeddable":true,"href":"https:\/\/sertv.gob.pa\/crisolfm\/wp-json\/wp\/v2\/tags?post=20571"}],"curies":[{"name":"wp","href":"https:\/\/api.w.org\/{rel}","templated":true}]}}