{"id":20583,"date":"2019-06-07T14:21:18","date_gmt":"2019-06-07T14:21:18","guid":{"rendered":"https:\/\/sertv.gob.pa\/crisolfm\/?p=20583"},"modified":"2019-06-07T14:21:18","modified_gmt":"2019-06-07T14:21:18","slug":"exposicion-en-honor-al-exrector-carlos-zuniga-guardia-en-up","status":"publish","type":"post","link":"https:\/\/sertv.gob.pa\/crisolfm\/exposicion-en-honor-al-exrector-carlos-zuniga-guardia-en-up\/","title":{"rendered":"Exposici\u00f3n en honor al exrector Carlos Z\u00fa\u00f1iga Guardia en UP"},"content":{"rendered":"<p>La facultad de Derecho y Ciencias Pol\u00edticas de la Universidad de Panam\u00e1 sirvi\u00f3 de escenario para realizar una Exposici\u00f3n Fotogr\u00e1fica y Bibliogr\u00e1fica del Dr. Carlos Iv\u00e1n Z\u00fa\u00f1iga Guardia, en el sal\u00f3n de sustentaci\u00f3n A-10 de la unidad acad\u00e9mica.<\/p>\n<p>El decano Hernando Franco Mu\u00f1oz dio un breve mensaje de lo que represent\u00f3 el rector de la casa de Octavio M\u00e9ndez Pereira, de 1991 a 1994 para esta instituci\u00f3n y el pa\u00eds sobre todo por su nacionalismo, adem\u00e1s agradeci\u00f3 a todos los organizadores del acto por reconocer la importancia de esta destacada figura.<\/p>\n<p>El acto culmin\u00f3 con la Dra. Sydia Candanedo, viuda de Z\u00fa\u00f1iga, quien manifest\u00f3 sentirse agradecida por las palabras que han dicho de su esposo y su trayectoria, \u201cme consta porque viv\u00ed con \u00e9l 61 a\u00f1os\u201d.<\/p>\n<p>&nbsp;<\/p>\n<p>&nbsp;<\/p>\n","protected":false},"excerpt":{"rendered":"<p>La facultad de Derecho y Ciencias Pol\u00edticas de la Universidad <a href=\"https:\/\/sertv.gob.pa\/crisolfm\/exposicion-en-honor-al-exrector-carlos-zuniga-guardia-en-up\/\"> [&#8230;]<\/a><\/p>\n","protected":false},"author":64,"featured_media":20585,"comment_status":"closed","ping_status":"closed","sticky":false,"template":"","format":"standard","meta":{"footnotes":""},"categories":[6],"tags":[],"class_list":["post-20583","post","type-post","status-publish","format-standard","has-post-thumbnail","hentry","category-culturales"],"_links":{"self":[{"href":"https:\/\/sertv.gob.pa\/crisolfm\/wp-json\/wp\/v2\/posts\/20583","targetHints":{"allow":["GET"]}}],"collection":[{"href":"https:\/\/sertv.gob.pa\/crisolfm\/wp-json\/wp\/v2\/posts"}],"about":[{"href":"https:\/\/sertv.gob.pa\/crisolfm\/wp-json\/wp\/v2\/types\/post"}],"author":[{"embeddable":true,"href":"https:\/\/sertv.gob.pa\/crisolfm\/wp-json\/wp\/v2\/users\/64"}],"replies":[{"embeddable":true,"href":"https:\/\/sertv.gob.pa\/crisolfm\/wp-json\/wp\/v2\/comments?post=20583"}],"version-history":[{"count":1,"href":"https:\/\/sertv.gob.pa\/crisolfm\/wp-json\/wp\/v2\/posts\/20583\/revisions"}],"predecessor-version":[{"id":20586,"href":"https:\/\/sertv.gob.pa\/crisolfm\/wp-json\/wp\/v2\/posts\/20583\/revisions\/20586"}],"wp:featuredmedia":[{"embeddable":true,"href":"https:\/\/sertv.gob.pa\/crisolfm\/wp-json\/wp\/v2\/media\/20585"}],"wp:attachment":[{"href":"https:\/\/sertv.gob.pa\/crisolfm\/wp-json\/wp\/v2\/media?parent=20583"}],"wp:term":[{"taxonomy":"category","embeddable":true,"href":"https:\/\/sertv.gob.pa\/crisolfm\/wp-json\/wp\/v2\/categories?post=20583"},{"taxonomy":"post_tag","embeddable":true,"href":"https:\/\/sertv.gob.pa\/crisolfm\/wp-json\/wp\/v2\/tags?post=20583"}],"curies":[{"name":"wp","href":"https:\/\/api.w.org\/{rel}","templated":true}]}}