{"id":20587,"date":"2019-06-07T14:28:57","date_gmt":"2019-06-07T14:28:57","guid":{"rendered":"https:\/\/sertv.gob.pa\/crisolfm\/?p=20587"},"modified":"2019-06-07T14:28:57","modified_gmt":"2019-06-07T14:28:57","slug":"niveles-de-co2-atmosferico-sin-precedentes-en-61-anos-de-registro","status":"publish","type":"post","link":"https:\/\/sertv.gob.pa\/crisolfm\/niveles-de-co2-atmosferico-sin-precedentes-en-61-anos-de-registro\/","title":{"rendered":"Niveles de CO2 atmosf\u00e9rico sin precedentes en 61 a\u00f1os de registro"},"content":{"rendered":"<p><strong>El CO2 atmosf\u00e9rico continu\u00f3 su r\u00e1pido aumento en 2019<\/strong>, con el promedio de mayo alcanzando un m\u00e1ximo de 414.7 partes por mill\u00f3n (ppm) en el estrat\u00e9gico Observatorio de Mauna Loa de NOAA. La medici\u00f3n es el pico estacional m\u00e1s alto registrado en 61 a\u00f1os de observaciones en la cima del volc\u00e1n m\u00e1s grande de Hawai y el s\u00e9ptimo a\u00f1o consecutivo de grandes aumentos globales en las concentraciones de di\u00f3xido de carbono (CO2), seg\u00fan datos publicados por NOAA &#8211;la agencia meteorol\u00f3gica estadounidense&#8211; y el Scripps Institution of Oceanography. El valor m\u00e1ximo de 2019 fue 3,5 ppm m\u00e1s alto que el m\u00e1ximo de 411,2 ppm en mayo de 2018 y marca el segundo salto anual m\u00e1s alto registrado.<\/p>\n<p>Es de vital importancia contar con estas mediciones precisas de<em> CO2 a largo plazo para comprender la rapidez con que la contaminaci\u00f3n<\/em> de combustibles f\u00f3siles est\u00e1 cambiando nuestro clima\u00bb, dijo en un comunicado Pieter Tans, cient\u00edfico principal de la Divisi\u00f3n de Monitoreo Global de NOAA. \u00abEstas son mediciones de la atm\u00f3sfera real. No dependen de ning\u00fan modelo, pero nos ayudan a verificar las proyecciones de los modelos clim\u00e1ticos, que, en todo caso, han subestimado el ritmo acelerado del cambio clim\u00e1tico observado\u00bb.<\/p>\n<p>ECOticias<\/p>\n","protected":false},"excerpt":{"rendered":"<p>El CO2 atmosf\u00e9rico continu\u00f3 su r\u00e1pido aumento en 2019, con <a href=\"https:\/\/sertv.gob.pa\/crisolfm\/niveles-de-co2-atmosferico-sin-precedentes-en-61-anos-de-registro\/\"> [&#8230;]<\/a><\/p>\n","protected":false},"author":64,"featured_media":20588,"comment_status":"closed","ping_status":"closed","sticky":false,"template":"","format":"standard","meta":{"footnotes":""},"categories":[7],"tags":[],"class_list":["post-20587","post","type-post","status-publish","format-standard","has-post-thumbnail","hentry","category-ecologicas"],"_links":{"self":[{"href":"https:\/\/sertv.gob.pa\/crisolfm\/wp-json\/wp\/v2\/posts\/20587","targetHints":{"allow":["GET"]}}],"collection":[{"href":"https:\/\/sertv.gob.pa\/crisolfm\/wp-json\/wp\/v2\/posts"}],"about":[{"href":"https:\/\/sertv.gob.pa\/crisolfm\/wp-json\/wp\/v2\/types\/post"}],"author":[{"embeddable":true,"href":"https:\/\/sertv.gob.pa\/crisolfm\/wp-json\/wp\/v2\/users\/64"}],"replies":[{"embeddable":true,"href":"https:\/\/sertv.gob.pa\/crisolfm\/wp-json\/wp\/v2\/comments?post=20587"}],"version-history":[{"count":1,"href":"https:\/\/sertv.gob.pa\/crisolfm\/wp-json\/wp\/v2\/posts\/20587\/revisions"}],"predecessor-version":[{"id":20589,"href":"https:\/\/sertv.gob.pa\/crisolfm\/wp-json\/wp\/v2\/posts\/20587\/revisions\/20589"}],"wp:featuredmedia":[{"embeddable":true,"href":"https:\/\/sertv.gob.pa\/crisolfm\/wp-json\/wp\/v2\/media\/20588"}],"wp:attachment":[{"href":"https:\/\/sertv.gob.pa\/crisolfm\/wp-json\/wp\/v2\/media?parent=20587"}],"wp:term":[{"taxonomy":"category","embeddable":true,"href":"https:\/\/sertv.gob.pa\/crisolfm\/wp-json\/wp\/v2\/categories?post=20587"},{"taxonomy":"post_tag","embeddable":true,"href":"https:\/\/sertv.gob.pa\/crisolfm\/wp-json\/wp\/v2\/tags?post=20587"}],"curies":[{"name":"wp","href":"https:\/\/api.w.org\/{rel}","templated":true}]}}