{"id":20608,"date":"2019-06-10T13:55:11","date_gmt":"2019-06-10T13:55:11","guid":{"rendered":"https:\/\/sertv.gob.pa\/crisolfm\/?p=20608"},"modified":"2019-06-10T13:55:11","modified_gmt":"2019-06-10T13:55:11","slug":"museo-del-canal-culmina-restauracion-de-actas-originales-del-congreso-anfictionico","status":"publish","type":"post","link":"https:\/\/sertv.gob.pa\/crisolfm\/museo-del-canal-culmina-restauracion-de-actas-originales-del-congreso-anfictionico\/","title":{"rendered":"Museo del Canal culmina restauraci\u00f3n de actas originales del congreso anficti\u00f3nico"},"content":{"rendered":"<p>El museo del Canal de Panam\u00e1 dio a conocer que las\u00a0Actas Originales del Congreso Anficti\u00f3nico de 1826, que se hallaban en proceso de\u00a0restauraci\u00f3n fueron devueltas a la Canciller\u00eda paname\u00f1a para\u00a0que sean accesibles a la comunidad nacional e internacional en la Sala Capitular del Convento de los Franciscano en el Conjunto Monumental y Patrimonial del Palacio Bol\u00edvar que se inaugura este lunes 10 de junio.<\/p>\n<p>Las 15 p\u00e1ginas que\u00a0persegu\u00edan la uni\u00f3n de los Estados de Am\u00e9rica\u00a0y poseen la firma de los plenipotenciarios reunidos en el Congreso Anficti\u00f3nico de Panam\u00e1 de 1826, todos convocados por el Libertador Sim\u00f3n Bol\u00edvar, pasaron por un proceso de reparaci\u00f3n a cargo de la espa\u00f1ola Mercedes Amezaga, debido a un convenio firmado entre el Ministerio de Relaciones Exteriores y el Museo del Canal.<\/p>\n<p>Las Actas firmadas hace ya 193 a\u00f1os en la Sala Capitular, se encontraban en el Palacio de Itamaraty (Brasil) y fueron tra\u00eddas a Panam\u00e1 en 1976; mientras se restauraba el Palacio Bol\u00edvar\u00a0le correspondi\u00f3 al recinto hist\u00f3rico mantener su custodia y resguardo por el periodo en que se desarrollaban las obras civiles.<\/p>\n<p>&nbsp;<\/p>\n<p>&nbsp;<\/p>\n","protected":false},"excerpt":{"rendered":"<p>El museo del Canal de Panam\u00e1 dio a conocer que <a href=\"https:\/\/sertv.gob.pa\/crisolfm\/museo-del-canal-culmina-restauracion-de-actas-originales-del-congreso-anfictionico\/\"> [&#8230;]<\/a><\/p>\n","protected":false},"author":64,"featured_media":20609,"comment_status":"closed","ping_status":"closed","sticky":false,"template":"","format":"standard","meta":{"footnotes":""},"categories":[6],"tags":[],"class_list":["post-20608","post","type-post","status-publish","format-standard","has-post-thumbnail","hentry","category-culturales"],"_links":{"self":[{"href":"https:\/\/sertv.gob.pa\/crisolfm\/wp-json\/wp\/v2\/posts\/20608","targetHints":{"allow":["GET"]}}],"collection":[{"href":"https:\/\/sertv.gob.pa\/crisolfm\/wp-json\/wp\/v2\/posts"}],"about":[{"href":"https:\/\/sertv.gob.pa\/crisolfm\/wp-json\/wp\/v2\/types\/post"}],"author":[{"embeddable":true,"href":"https:\/\/sertv.gob.pa\/crisolfm\/wp-json\/wp\/v2\/users\/64"}],"replies":[{"embeddable":true,"href":"https:\/\/sertv.gob.pa\/crisolfm\/wp-json\/wp\/v2\/comments?post=20608"}],"version-history":[{"count":1,"href":"https:\/\/sertv.gob.pa\/crisolfm\/wp-json\/wp\/v2\/posts\/20608\/revisions"}],"predecessor-version":[{"id":20610,"href":"https:\/\/sertv.gob.pa\/crisolfm\/wp-json\/wp\/v2\/posts\/20608\/revisions\/20610"}],"wp:featuredmedia":[{"embeddable":true,"href":"https:\/\/sertv.gob.pa\/crisolfm\/wp-json\/wp\/v2\/media\/20609"}],"wp:attachment":[{"href":"https:\/\/sertv.gob.pa\/crisolfm\/wp-json\/wp\/v2\/media?parent=20608"}],"wp:term":[{"taxonomy":"category","embeddable":true,"href":"https:\/\/sertv.gob.pa\/crisolfm\/wp-json\/wp\/v2\/categories?post=20608"},{"taxonomy":"post_tag","embeddable":true,"href":"https:\/\/sertv.gob.pa\/crisolfm\/wp-json\/wp\/v2\/tags?post=20608"}],"curies":[{"name":"wp","href":"https:\/\/api.w.org\/{rel}","templated":true}]}}