{"id":20632,"date":"2019-06-10T14:48:04","date_gmt":"2019-06-10T14:48:04","guid":{"rendered":"https:\/\/sertv.gob.pa\/crisolfm\/?p=20632"},"modified":"2019-06-10T14:48:04","modified_gmt":"2019-06-10T14:48:04","slug":"francia-prohibe-la-venta-de-coches-de-gasolina-y-diesel-para-2040","status":"publish","type":"post","link":"https:\/\/sertv.gob.pa\/crisolfm\/francia-prohibe-la-venta-de-coches-de-gasolina-y-diesel-para-2040\/","title":{"rendered":"Francia proh\u00edbe la venta de coches de gasolina y di\u00e9sel para 2040"},"content":{"rendered":"<p>Los diputados franceses han aprobado de forma definitiva la &#8216;ley de movilidades, que, entre otras medidas, fija <strong>la prohibici\u00f3n de vender veh\u00edculos<\/strong> de combusti\u00f3n interna (di\u00e9sel y gasolina) para 2040. Dicha medida se enmarca dentro del objetivo del Ejecutivo franc\u00e9s de que el pa\u00eds alcance la neutralidad en carbono en 2025, con una reducci\u00f3n intermedia de las emisiones de di\u00f3xido de carbono (CO2) del 37,5% para 2030, seg\u00fan inform\u00f3 en un comunicado.<\/p>\n<p>El texto fija tambi\u00e9n que las administraciones locales puedan restringir <em>la circulaci\u00f3n a los veh\u00edculos menos contaminantes<\/em>, seg\u00fan sus criterios. El ministerio de Transportes franc\u00e9s record\u00f3 que hay 23 comunidades, con una poblaci\u00f3n total de m\u00e1s de 17 millones de habitantes, involucradas en el proceso y que han puesto en marcha este tipo de medidas.<\/p>\n<p>&nbsp;<\/p>\n<p>ECOticias<\/p>\n","protected":false},"excerpt":{"rendered":"<p>Los diputados franceses han aprobado de forma definitiva la &#8216;ley <a href=\"https:\/\/sertv.gob.pa\/crisolfm\/francia-prohibe-la-venta-de-coches-de-gasolina-y-diesel-para-2040\/\"> [&#8230;]<\/a><\/p>\n","protected":false},"author":64,"featured_media":20633,"comment_status":"closed","ping_status":"closed","sticky":false,"template":"","format":"standard","meta":{"footnotes":""},"categories":[7],"tags":[],"class_list":["post-20632","post","type-post","status-publish","format-standard","has-post-thumbnail","hentry","category-ecologicas"],"_links":{"self":[{"href":"https:\/\/sertv.gob.pa\/crisolfm\/wp-json\/wp\/v2\/posts\/20632","targetHints":{"allow":["GET"]}}],"collection":[{"href":"https:\/\/sertv.gob.pa\/crisolfm\/wp-json\/wp\/v2\/posts"}],"about":[{"href":"https:\/\/sertv.gob.pa\/crisolfm\/wp-json\/wp\/v2\/types\/post"}],"author":[{"embeddable":true,"href":"https:\/\/sertv.gob.pa\/crisolfm\/wp-json\/wp\/v2\/users\/64"}],"replies":[{"embeddable":true,"href":"https:\/\/sertv.gob.pa\/crisolfm\/wp-json\/wp\/v2\/comments?post=20632"}],"version-history":[{"count":1,"href":"https:\/\/sertv.gob.pa\/crisolfm\/wp-json\/wp\/v2\/posts\/20632\/revisions"}],"predecessor-version":[{"id":20634,"href":"https:\/\/sertv.gob.pa\/crisolfm\/wp-json\/wp\/v2\/posts\/20632\/revisions\/20634"}],"wp:featuredmedia":[{"embeddable":true,"href":"https:\/\/sertv.gob.pa\/crisolfm\/wp-json\/wp\/v2\/media\/20633"}],"wp:attachment":[{"href":"https:\/\/sertv.gob.pa\/crisolfm\/wp-json\/wp\/v2\/media?parent=20632"}],"wp:term":[{"taxonomy":"category","embeddable":true,"href":"https:\/\/sertv.gob.pa\/crisolfm\/wp-json\/wp\/v2\/categories?post=20632"},{"taxonomy":"post_tag","embeddable":true,"href":"https:\/\/sertv.gob.pa\/crisolfm\/wp-json\/wp\/v2\/tags?post=20632"}],"curies":[{"name":"wp","href":"https:\/\/api.w.org\/{rel}","templated":true}]}}