{"id":20643,"date":"2019-06-11T13:49:29","date_gmt":"2019-06-11T13:49:29","guid":{"rendered":"https:\/\/sertv.gob.pa\/crisolfm\/?p=20643"},"modified":"2019-06-11T13:49:29","modified_gmt":"2019-06-11T13:49:29","slug":"retrospectiva-de-cine-sobre-la-ciudad-de-panama-se-exhibe-en-teatro-gladys-vidal","status":"publish","type":"post","link":"https:\/\/sertv.gob.pa\/crisolfm\/retrospectiva-de-cine-sobre-la-ciudad-de-panama-se-exhibe-en-teatro-gladys-vidal\/","title":{"rendered":"Retrospectiva de cine sobre la ciudad de Panam\u00e1 se exhibe en Teatro Gladys Vidal"},"content":{"rendered":"<p>\u2018Imaginando la Ciudad&#8217;, que abarca pel\u00edculas desde 1906 hasta hoy, se presenta en el Teatro Gladys Vidal, del Municipio de Panam\u00e1, todos los jueves entre junio y diciembre de 2019. \u00a0\u2018Imaginando la Ciudad&#8217; es la segunda de diez exhibiciones que abrir\u00e1n este a\u00f1o en diversos puntos de la capital. Estos documentales hacen un recorrido por la ciudad de Panam\u00e1 desde 1906 hasta nuestros d\u00edas, donde se puede observar los cambios significativos que ha tenido nuestra urbe. Adem\u00e1s, en el lobby se presentan cintas restauradas por el proyecto Festival de la Memoria, ganador del Fondo Panam\u00e1 500, as\u00ed como im\u00e1genes de teatros antiguos del pa\u00eds.<\/p>\n<p>Seg\u00fan la curadora de la exhibici\u00f3n, Carolina Borrero, \u2018es la primera vez que se presenta una retrospectiva tan grande de cine enfocada en la ciudad de Panam\u00e1; crea un espacio que queda abierto para cualquier historiador, antrop\u00f3logo, urbanista, cineasta o cin\u00e9filo que se quiera volcar al estudio de nuestra cinematograf\u00eda para que podamos seguir aprendiendo de ella&#8217;.<\/p>\n<p>&nbsp;<\/p>\n","protected":false},"excerpt":{"rendered":"<p>\u2018Imaginando la Ciudad&#8217;, que abarca pel\u00edculas desde 1906 hasta hoy, <a href=\"https:\/\/sertv.gob.pa\/crisolfm\/retrospectiva-de-cine-sobre-la-ciudad-de-panama-se-exhibe-en-teatro-gladys-vidal\/\"> [&#8230;]<\/a><\/p>\n","protected":false},"author":64,"featured_media":20644,"comment_status":"closed","ping_status":"closed","sticky":false,"template":"","format":"standard","meta":{"footnotes":""},"categories":[6],"tags":[],"class_list":["post-20643","post","type-post","status-publish","format-standard","has-post-thumbnail","hentry","category-culturales"],"_links":{"self":[{"href":"https:\/\/sertv.gob.pa\/crisolfm\/wp-json\/wp\/v2\/posts\/20643","targetHints":{"allow":["GET"]}}],"collection":[{"href":"https:\/\/sertv.gob.pa\/crisolfm\/wp-json\/wp\/v2\/posts"}],"about":[{"href":"https:\/\/sertv.gob.pa\/crisolfm\/wp-json\/wp\/v2\/types\/post"}],"author":[{"embeddable":true,"href":"https:\/\/sertv.gob.pa\/crisolfm\/wp-json\/wp\/v2\/users\/64"}],"replies":[{"embeddable":true,"href":"https:\/\/sertv.gob.pa\/crisolfm\/wp-json\/wp\/v2\/comments?post=20643"}],"version-history":[{"count":1,"href":"https:\/\/sertv.gob.pa\/crisolfm\/wp-json\/wp\/v2\/posts\/20643\/revisions"}],"predecessor-version":[{"id":20645,"href":"https:\/\/sertv.gob.pa\/crisolfm\/wp-json\/wp\/v2\/posts\/20643\/revisions\/20645"}],"wp:featuredmedia":[{"embeddable":true,"href":"https:\/\/sertv.gob.pa\/crisolfm\/wp-json\/wp\/v2\/media\/20644"}],"wp:attachment":[{"href":"https:\/\/sertv.gob.pa\/crisolfm\/wp-json\/wp\/v2\/media?parent=20643"}],"wp:term":[{"taxonomy":"category","embeddable":true,"href":"https:\/\/sertv.gob.pa\/crisolfm\/wp-json\/wp\/v2\/categories?post=20643"},{"taxonomy":"post_tag","embeddable":true,"href":"https:\/\/sertv.gob.pa\/crisolfm\/wp-json\/wp\/v2\/tags?post=20643"}],"curies":[{"name":"wp","href":"https:\/\/api.w.org\/{rel}","templated":true}]}}