{"id":20646,"date":"2019-06-11T13:52:50","date_gmt":"2019-06-11T13:52:50","guid":{"rendered":"https:\/\/sertv.gob.pa\/crisolfm\/?p=20646"},"modified":"2019-06-11T13:52:50","modified_gmt":"2019-06-11T13:52:50","slug":"apoyo-a-la-creacion-musical-de-la-ciudad-y-del-pais","status":"publish","type":"post","link":"https:\/\/sertv.gob.pa\/crisolfm\/apoyo-a-la-creacion-musical-de-la-ciudad-y-del-pais\/","title":{"rendered":"Apoyo a la creaci\u00f3n musical de la ciudad y del pa\u00eds"},"content":{"rendered":"<p>La Alianza Francesa de Panam\u00e1 invita a la \u2018Fiesta de la M\u00fasica 2019&#8242;, una conmemoraci\u00f3n que se celebra en m\u00e1s de 180 pa\u00edses. Como cada a\u00f1o, la organizaci\u00f3n participa en este tradicional encuentro para apoyar la creaci\u00f3n musical de la ciudad y del pa\u00eds.<\/p>\n<p>El p\u00fablico podr\u00e1 disfrutar, del 19 al 25 de junio de 2019, de una agenda llena de conciertos, conferencias y talleres. El proyecto es organizado por la Fundaci\u00f3n Tocando Madera; Trama, industria creativa y la Fundaci\u00f3n Ciudad del Saber.<\/p>\n<p>&nbsp;<\/p>\n","protected":false},"excerpt":{"rendered":"<p>La Alianza Francesa de Panam\u00e1 invita a la \u2018Fiesta de <a href=\"https:\/\/sertv.gob.pa\/crisolfm\/apoyo-a-la-creacion-musical-de-la-ciudad-y-del-pais\/\"> [&#8230;]<\/a><\/p>\n","protected":false},"author":64,"featured_media":20647,"comment_status":"closed","ping_status":"closed","sticky":false,"template":"","format":"standard","meta":{"footnotes":""},"categories":[6],"tags":[],"class_list":["post-20646","post","type-post","status-publish","format-standard","has-post-thumbnail","hentry","category-culturales"],"_links":{"self":[{"href":"https:\/\/sertv.gob.pa\/crisolfm\/wp-json\/wp\/v2\/posts\/20646","targetHints":{"allow":["GET"]}}],"collection":[{"href":"https:\/\/sertv.gob.pa\/crisolfm\/wp-json\/wp\/v2\/posts"}],"about":[{"href":"https:\/\/sertv.gob.pa\/crisolfm\/wp-json\/wp\/v2\/types\/post"}],"author":[{"embeddable":true,"href":"https:\/\/sertv.gob.pa\/crisolfm\/wp-json\/wp\/v2\/users\/64"}],"replies":[{"embeddable":true,"href":"https:\/\/sertv.gob.pa\/crisolfm\/wp-json\/wp\/v2\/comments?post=20646"}],"version-history":[{"count":1,"href":"https:\/\/sertv.gob.pa\/crisolfm\/wp-json\/wp\/v2\/posts\/20646\/revisions"}],"predecessor-version":[{"id":20648,"href":"https:\/\/sertv.gob.pa\/crisolfm\/wp-json\/wp\/v2\/posts\/20646\/revisions\/20648"}],"wp:featuredmedia":[{"embeddable":true,"href":"https:\/\/sertv.gob.pa\/crisolfm\/wp-json\/wp\/v2\/media\/20647"}],"wp:attachment":[{"href":"https:\/\/sertv.gob.pa\/crisolfm\/wp-json\/wp\/v2\/media?parent=20646"}],"wp:term":[{"taxonomy":"category","embeddable":true,"href":"https:\/\/sertv.gob.pa\/crisolfm\/wp-json\/wp\/v2\/categories?post=20646"},{"taxonomy":"post_tag","embeddable":true,"href":"https:\/\/sertv.gob.pa\/crisolfm\/wp-json\/wp\/v2\/tags?post=20646"}],"curies":[{"name":"wp","href":"https:\/\/api.w.org\/{rel}","templated":true}]}}