{"id":20652,"date":"2019-06-11T14:03:04","date_gmt":"2019-06-11T14:03:04","guid":{"rendered":"https:\/\/sertv.gob.pa\/crisolfm\/?p=20652"},"modified":"2019-06-11T14:03:04","modified_gmt":"2019-06-11T14:03:04","slug":"primera-misa-en-notre-dame-de-paris-desde-el-incendio","status":"publish","type":"post","link":"https:\/\/sertv.gob.pa\/crisolfm\/primera-misa-en-notre-dame-de-paris-desde-el-incendio\/","title":{"rendered":"Primera misa en Notre Dame de Par\u00eds desde el incendio"},"content":{"rendered":"<p>Una misa cerrada al p\u00fablico tendr\u00e1 lugar el s\u00e1bado en la catedral Notre Dame de Par\u00eds, la primera despu\u00e9s del incendio que la asol\u00f3 hace dos meses, inform\u00f3 este martes la di\u00f3cesis de Par\u00eds. La misa, oficiada por el arzobispo de Par\u00eds,\u00a0Michel Aupetit, tendr\u00e1 lugar en una capilla ante \u00abun n\u00famero limitado de personas, por razones de seguridad evidentes\u00bb, seg\u00fan la di\u00f3cesis S\u00f3lo habr\u00e1 una veintena de asistentes, entre ellos curas y can\u00f3nigos de la catedral.<\/p>\n<p>La fecha de la misa, la primera desde el desastre, fue escogida porque es la fiesta de la Dedicaci\u00f3n, que conmemora la consagraci\u00f3n del altar de la catedral y que normalmente tiene lugar el 16 de junio. Esta misa \u00abser\u00e1 transmitida por un canal de televisi\u00f3n\u00bb, para que \u00ablos cristianos puedan participar y comulgar\u00bb, a\u00f1adi\u00f3 la di\u00f3cesis. \u00abMonse\u00f1or Aupetit desea anunciar a los cat\u00f3licos que la catedral es un lugar de culto\u00bb, seg\u00fan la misma fuente.<\/p>\n<p>AFP<\/p>\n","protected":false},"excerpt":{"rendered":"<p>Una misa cerrada al p\u00fablico tendr\u00e1 lugar el s\u00e1bado en <a href=\"https:\/\/sertv.gob.pa\/crisolfm\/primera-misa-en-notre-dame-de-paris-desde-el-incendio\/\"> [&#8230;]<\/a><\/p>\n","protected":false},"author":64,"featured_media":20653,"comment_status":"closed","ping_status":"closed","sticky":false,"template":"","format":"standard","meta":{"footnotes":""},"categories":[6],"tags":[],"class_list":["post-20652","post","type-post","status-publish","format-standard","has-post-thumbnail","hentry","category-culturales"],"_links":{"self":[{"href":"https:\/\/sertv.gob.pa\/crisolfm\/wp-json\/wp\/v2\/posts\/20652","targetHints":{"allow":["GET"]}}],"collection":[{"href":"https:\/\/sertv.gob.pa\/crisolfm\/wp-json\/wp\/v2\/posts"}],"about":[{"href":"https:\/\/sertv.gob.pa\/crisolfm\/wp-json\/wp\/v2\/types\/post"}],"author":[{"embeddable":true,"href":"https:\/\/sertv.gob.pa\/crisolfm\/wp-json\/wp\/v2\/users\/64"}],"replies":[{"embeddable":true,"href":"https:\/\/sertv.gob.pa\/crisolfm\/wp-json\/wp\/v2\/comments?post=20652"}],"version-history":[{"count":1,"href":"https:\/\/sertv.gob.pa\/crisolfm\/wp-json\/wp\/v2\/posts\/20652\/revisions"}],"predecessor-version":[{"id":20654,"href":"https:\/\/sertv.gob.pa\/crisolfm\/wp-json\/wp\/v2\/posts\/20652\/revisions\/20654"}],"wp:featuredmedia":[{"embeddable":true,"href":"https:\/\/sertv.gob.pa\/crisolfm\/wp-json\/wp\/v2\/media\/20653"}],"wp:attachment":[{"href":"https:\/\/sertv.gob.pa\/crisolfm\/wp-json\/wp\/v2\/media?parent=20652"}],"wp:term":[{"taxonomy":"category","embeddable":true,"href":"https:\/\/sertv.gob.pa\/crisolfm\/wp-json\/wp\/v2\/categories?post=20652"},{"taxonomy":"post_tag","embeddable":true,"href":"https:\/\/sertv.gob.pa\/crisolfm\/wp-json\/wp\/v2\/tags?post=20652"}],"curies":[{"name":"wp","href":"https:\/\/api.w.org\/{rel}","templated":true}]}}