{"id":20655,"date":"2019-06-11T14:08:32","date_gmt":"2019-06-11T14:08:32","guid":{"rendered":"https:\/\/sertv.gob.pa\/crisolfm\/?p=20655"},"modified":"2019-06-11T14:08:32","modified_gmt":"2019-06-11T14:08:32","slug":"canada-prohibe-captura-y-cria-de-delfines-y-ballenas","status":"publish","type":"post","link":"https:\/\/sertv.gob.pa\/crisolfm\/canada-prohibe-captura-y-cria-de-delfines-y-ballenas\/","title":{"rendered":"Canad\u00e1 proh\u00edbe captura y cr\u00eda de delfines y ballenas"},"content":{"rendered":"<p>El Parlamento de Canad\u00e1 aprob\u00f3 el lunes una ley que proh\u00edbe la captura y cr\u00eda de cet\u00e1ceos como ballenas y delfines, una decisi\u00f3n saludada por activistas a favor de los animales.<\/p>\n<p>La ley, que fue propuesta por primera vez en 2015 y ahora solo necesita una aprobaci\u00f3n real \u00fanicamente simb\u00f3lica, no ser\u00e1 retroactiva, por lo que los mam\u00edferos marinos en cautiverio seguir\u00e1n confinados. E incluye excepciones para mam\u00edferos marinos que requieren una rehabilitaci\u00f3n luego de una herida o para otros casos autorizados por las autoridades.<\/p>\n<p>\u00abEs una ley muy importante porque proh\u00edbe la cr\u00eda, lo que asegura que las ballenas y delfines que actualmente est\u00e1n encerrados en peque\u00f1os tanques en Canad\u00e1 son la \u00faltima generaci\u00f3n que sufrir\u00e1\u00bb, dijo en un comunicado Melissa Matlow, directora de campa\u00f1as para World Animal Protection Canada.<\/p>\n<p>AFP<\/p>\n","protected":false},"excerpt":{"rendered":"<p>El Parlamento de Canad\u00e1 aprob\u00f3 el lunes una ley que <a href=\"https:\/\/sertv.gob.pa\/crisolfm\/canada-prohibe-captura-y-cria-de-delfines-y-ballenas\/\"> [&#8230;]<\/a><\/p>\n","protected":false},"author":64,"featured_media":20656,"comment_status":"closed","ping_status":"closed","sticky":false,"template":"","format":"standard","meta":{"footnotes":""},"categories":[7],"tags":[],"class_list":["post-20655","post","type-post","status-publish","format-standard","has-post-thumbnail","hentry","category-ecologicas"],"_links":{"self":[{"href":"https:\/\/sertv.gob.pa\/crisolfm\/wp-json\/wp\/v2\/posts\/20655","targetHints":{"allow":["GET"]}}],"collection":[{"href":"https:\/\/sertv.gob.pa\/crisolfm\/wp-json\/wp\/v2\/posts"}],"about":[{"href":"https:\/\/sertv.gob.pa\/crisolfm\/wp-json\/wp\/v2\/types\/post"}],"author":[{"embeddable":true,"href":"https:\/\/sertv.gob.pa\/crisolfm\/wp-json\/wp\/v2\/users\/64"}],"replies":[{"embeddable":true,"href":"https:\/\/sertv.gob.pa\/crisolfm\/wp-json\/wp\/v2\/comments?post=20655"}],"version-history":[{"count":1,"href":"https:\/\/sertv.gob.pa\/crisolfm\/wp-json\/wp\/v2\/posts\/20655\/revisions"}],"predecessor-version":[{"id":20657,"href":"https:\/\/sertv.gob.pa\/crisolfm\/wp-json\/wp\/v2\/posts\/20655\/revisions\/20657"}],"wp:featuredmedia":[{"embeddable":true,"href":"https:\/\/sertv.gob.pa\/crisolfm\/wp-json\/wp\/v2\/media\/20656"}],"wp:attachment":[{"href":"https:\/\/sertv.gob.pa\/crisolfm\/wp-json\/wp\/v2\/media?parent=20655"}],"wp:term":[{"taxonomy":"category","embeddable":true,"href":"https:\/\/sertv.gob.pa\/crisolfm\/wp-json\/wp\/v2\/categories?post=20655"},{"taxonomy":"post_tag","embeddable":true,"href":"https:\/\/sertv.gob.pa\/crisolfm\/wp-json\/wp\/v2\/tags?post=20655"}],"curies":[{"name":"wp","href":"https:\/\/api.w.org\/{rel}","templated":true}]}}