{"id":20664,"date":"2019-06-11T14:28:08","date_gmt":"2019-06-11T14:28:08","guid":{"rendered":"https:\/\/sertv.gob.pa\/crisolfm\/?p=20664"},"modified":"2019-06-11T14:28:08","modified_gmt":"2019-06-11T14:28:08","slug":"canada-prohibira-los-plasticos-de-un-solo-uso-en-2021","status":"publish","type":"post","link":"https:\/\/sertv.gob.pa\/crisolfm\/canada-prohibira-los-plasticos-de-un-solo-uso-en-2021\/","title":{"rendered":"Canad\u00e1 prohibir\u00e1 los pl\u00e1sticos de un solo uso en 2021"},"content":{"rendered":"<p>Canad\u00e1 prohibir\u00e1 desde 2021 los pl\u00e1sticos de un solo uso, anunci\u00f3 el lunes el primer ministro, Justin Trudeau.<\/p>\n<p>Bolsas, tapas de caf\u00e9 y botellas ser\u00e1n principalmente los productos afectados por esta decisi\u00f3n, dijo a la prensa Trudeau, quien precis\u00f3 que menos del 10% de los pl\u00e1sticos de este tipo usados en el pa\u00eds son reciclados.<\/p>\n<p>\u00abLa poluci\u00f3n por pl\u00e1stico es una plaga mundial\u00bb, dijo a la prensa el dirigente liberal al anunciar que la lista precisa de productos prohibidos ser\u00e1 anunciada despu\u00e9s de la realizaci\u00f3n de evaluaciones cient\u00edficas.<\/p>\n<p>AFP<\/p>\n","protected":false},"excerpt":{"rendered":"<p>Canad\u00e1 prohibir\u00e1 desde 2021 los pl\u00e1sticos de un solo uso, <a href=\"https:\/\/sertv.gob.pa\/crisolfm\/canada-prohibira-los-plasticos-de-un-solo-uso-en-2021\/\"> [&#8230;]<\/a><\/p>\n","protected":false},"author":64,"featured_media":20667,"comment_status":"closed","ping_status":"closed","sticky":false,"template":"","format":"standard","meta":{"footnotes":""},"categories":[7],"tags":[],"class_list":["post-20664","post","type-post","status-publish","format-standard","has-post-thumbnail","hentry","category-ecologicas"],"_links":{"self":[{"href":"https:\/\/sertv.gob.pa\/crisolfm\/wp-json\/wp\/v2\/posts\/20664","targetHints":{"allow":["GET"]}}],"collection":[{"href":"https:\/\/sertv.gob.pa\/crisolfm\/wp-json\/wp\/v2\/posts"}],"about":[{"href":"https:\/\/sertv.gob.pa\/crisolfm\/wp-json\/wp\/v2\/types\/post"}],"author":[{"embeddable":true,"href":"https:\/\/sertv.gob.pa\/crisolfm\/wp-json\/wp\/v2\/users\/64"}],"replies":[{"embeddable":true,"href":"https:\/\/sertv.gob.pa\/crisolfm\/wp-json\/wp\/v2\/comments?post=20664"}],"version-history":[{"count":1,"href":"https:\/\/sertv.gob.pa\/crisolfm\/wp-json\/wp\/v2\/posts\/20664\/revisions"}],"predecessor-version":[{"id":20668,"href":"https:\/\/sertv.gob.pa\/crisolfm\/wp-json\/wp\/v2\/posts\/20664\/revisions\/20668"}],"wp:featuredmedia":[{"embeddable":true,"href":"https:\/\/sertv.gob.pa\/crisolfm\/wp-json\/wp\/v2\/media\/20667"}],"wp:attachment":[{"href":"https:\/\/sertv.gob.pa\/crisolfm\/wp-json\/wp\/v2\/media?parent=20664"}],"wp:term":[{"taxonomy":"category","embeddable":true,"href":"https:\/\/sertv.gob.pa\/crisolfm\/wp-json\/wp\/v2\/categories?post=20664"},{"taxonomy":"post_tag","embeddable":true,"href":"https:\/\/sertv.gob.pa\/crisolfm\/wp-json\/wp\/v2\/tags?post=20664"}],"curies":[{"name":"wp","href":"https:\/\/api.w.org\/{rel}","templated":true}]}}