{"id":20672,"date":"2019-06-11T14:39:30","date_gmt":"2019-06-11T14:39:30","guid":{"rendered":"https:\/\/sertv.gob.pa\/crisolfm\/?p=20672"},"modified":"2019-06-11T14:39:30","modified_gmt":"2019-06-11T14:39:30","slug":"el-cambio-climatico-sera-letal-para-nuestra-salud","status":"publish","type":"post","link":"https:\/\/sertv.gob.pa\/crisolfm\/el-cambio-climatico-sera-letal-para-nuestra-salud\/","title":{"rendered":"El cambio clim\u00e1tico ser\u00e1 \u2018letal\u2019 para nuestra salud"},"content":{"rendered":"<p>El European Academies&#8217; Science Advisory Council (EASAC, por sus siglas en ingl\u00e9s), un \u00f3rgano de asesoramiento cient\u00edfico independiente que agrupa a los principales cient\u00edficos europeos de 27 academias nacionales de ciencias, han advertido de los \u00abalarmantes riesgos\u00bb para <strong>la salud debido al cambio clim\u00e1tico. <\/strong>Est\u00e1 afectando negativamente a la salud humana y que se prev\u00e9 que los riesgos para la salud aumenten. Las soluciones est\u00e1n al alcance de la mano y es mucho lo que se puede hacer actuando sobre la base de los conocimientos actuales, pero esto requiere voluntad pol\u00edtica\u00bb, recogen en su informe &#8216;El imperativo de la acci\u00f3n clim\u00e1tica para proteger la salud humana en Europa&#8217;. Con las tendencias actuales de las emisiones de gases de efecto invernadero, se prev\u00e9 un aumento de la temperatura media mundial de m\u00e1s de 3\u00b0C por encima de los niveles preindustriales para finales de siglo.<\/p>\n<p>El aumento ser\u00e1 mayor en tierra que en los oc\u00e9anos, lo que \u00abexpondr\u00e1 a <strong>la poblaci\u00f3n mundial a tasas de cambio clim\u00e1tico<\/strong> sin precedentes y contribuir\u00e1 a la carga de las enfermedades y a la mortalidad prematura\u00bb. Los cient\u00edficos alertan de que los riesgos para la salud aumentar\u00e1n a medida que el cambio clim\u00e1tico se intensifique a trav\u00e9s de una serie de v\u00edas, como la mayor exposici\u00f3n a altas temperaturas y a eventos extremos como inundaciones y sequ\u00edas, contaminaci\u00f3n del aire y al\u00e9rgenos; el debilitamiento de la seguridad alimentaria y nutricional; el aumento de la incidencia y modificaci\u00f3n de la distribuci\u00f3n de algunas enfermedades infecciosas; o el \u00abriesgo creciente\u00bb de migraci\u00f3n forzada.<\/p>\n<p>ECOticias<\/p>\n","protected":false},"excerpt":{"rendered":"<p>El European Academies&#8217; Science Advisory Council (EASAC, por sus siglas <a href=\"https:\/\/sertv.gob.pa\/crisolfm\/el-cambio-climatico-sera-letal-para-nuestra-salud\/\"> [&#8230;]<\/a><\/p>\n","protected":false},"author":64,"featured_media":20673,"comment_status":"closed","ping_status":"closed","sticky":false,"template":"","format":"standard","meta":{"footnotes":""},"categories":[7],"tags":[],"class_list":["post-20672","post","type-post","status-publish","format-standard","has-post-thumbnail","hentry","category-ecologicas"],"_links":{"self":[{"href":"https:\/\/sertv.gob.pa\/crisolfm\/wp-json\/wp\/v2\/posts\/20672","targetHints":{"allow":["GET"]}}],"collection":[{"href":"https:\/\/sertv.gob.pa\/crisolfm\/wp-json\/wp\/v2\/posts"}],"about":[{"href":"https:\/\/sertv.gob.pa\/crisolfm\/wp-json\/wp\/v2\/types\/post"}],"author":[{"embeddable":true,"href":"https:\/\/sertv.gob.pa\/crisolfm\/wp-json\/wp\/v2\/users\/64"}],"replies":[{"embeddable":true,"href":"https:\/\/sertv.gob.pa\/crisolfm\/wp-json\/wp\/v2\/comments?post=20672"}],"version-history":[{"count":1,"href":"https:\/\/sertv.gob.pa\/crisolfm\/wp-json\/wp\/v2\/posts\/20672\/revisions"}],"predecessor-version":[{"id":20674,"href":"https:\/\/sertv.gob.pa\/crisolfm\/wp-json\/wp\/v2\/posts\/20672\/revisions\/20674"}],"wp:featuredmedia":[{"embeddable":true,"href":"https:\/\/sertv.gob.pa\/crisolfm\/wp-json\/wp\/v2\/media\/20673"}],"wp:attachment":[{"href":"https:\/\/sertv.gob.pa\/crisolfm\/wp-json\/wp\/v2\/media?parent=20672"}],"wp:term":[{"taxonomy":"category","embeddable":true,"href":"https:\/\/sertv.gob.pa\/crisolfm\/wp-json\/wp\/v2\/categories?post=20672"},{"taxonomy":"post_tag","embeddable":true,"href":"https:\/\/sertv.gob.pa\/crisolfm\/wp-json\/wp\/v2\/tags?post=20672"}],"curies":[{"name":"wp","href":"https:\/\/api.w.org\/{rel}","templated":true}]}}