{"id":20688,"date":"2019-06-12T14:03:20","date_gmt":"2019-06-12T14:03:20","guid":{"rendered":"https:\/\/sertv.gob.pa\/crisolfm\/?p=20688"},"modified":"2019-06-12T14:03:20","modified_gmt":"2019-06-12T14:03:20","slug":"los-oscar-seran-en-febrero-en-2021-y-2022-por-olimpiadas-de-invierno-y-super-tazon","status":"publish","type":"post","link":"https:\/\/sertv.gob.pa\/crisolfm\/los-oscar-seran-en-febrero-en-2021-y-2022-por-olimpiadas-de-invierno-y-super-tazon\/","title":{"rendered":"Los \u00d3scar ser\u00e1n en febrero en 2021 y 2022 por Olimpiadas de Invierno y S\u00faper Taz\u00f3n"},"content":{"rendered":"<p>La ceremonia de entrega de los \u00d3scar se realizar\u00e1 a fines de febrero en 2021 y 2022 para acomodarse a los Juegos Ol\u00edmpicos de invierno, la final del S\u00faper Taz\u00f3n y otros eventos importantes, dijeron el martes los organizadores.\u00a0 El pr\u00f3ximo a\u00f1o est\u00e1 previsto que el prestigioso galard\u00f3n del cine de Estados Unidos se entregue el 9 de febrero, pero las siguientes ceremonias ser\u00e1n el 28 de febrero de 2021 y el 27 de febrero de 2022, los \u00faltimos domingos del mes.<\/p>\n<p>\u00abEl calendario de los Juegos Ol\u00edmpicos de 2022, el S\u00faper Taz\u00f3n y los feriados nacionales mantendr\u00e1n como fechas de 2021 y 2022 el \u00faltimo domingo de febrero\u00bb, anunci\u00f3 la Academia de Artes y Ciencias Cinematogr\u00e1ficas y la cadena estadounidense ABC.\u00a0 \u00abLa Academia y ABC contin\u00faan evaluando fechas para a\u00f1os futuros\u00bb.<\/p>\n<p>AFP<\/p>\n","protected":false},"excerpt":{"rendered":"<p>La ceremonia de entrega de los \u00d3scar se realizar\u00e1 a <a href=\"https:\/\/sertv.gob.pa\/crisolfm\/los-oscar-seran-en-febrero-en-2021-y-2022-por-olimpiadas-de-invierno-y-super-tazon\/\"> [&#8230;]<\/a><\/p>\n","protected":false},"author":64,"featured_media":20689,"comment_status":"closed","ping_status":"closed","sticky":false,"template":"","format":"standard","meta":{"footnotes":""},"categories":[6],"tags":[],"class_list":["post-20688","post","type-post","status-publish","format-standard","has-post-thumbnail","hentry","category-culturales"],"_links":{"self":[{"href":"https:\/\/sertv.gob.pa\/crisolfm\/wp-json\/wp\/v2\/posts\/20688","targetHints":{"allow":["GET"]}}],"collection":[{"href":"https:\/\/sertv.gob.pa\/crisolfm\/wp-json\/wp\/v2\/posts"}],"about":[{"href":"https:\/\/sertv.gob.pa\/crisolfm\/wp-json\/wp\/v2\/types\/post"}],"author":[{"embeddable":true,"href":"https:\/\/sertv.gob.pa\/crisolfm\/wp-json\/wp\/v2\/users\/64"}],"replies":[{"embeddable":true,"href":"https:\/\/sertv.gob.pa\/crisolfm\/wp-json\/wp\/v2\/comments?post=20688"}],"version-history":[{"count":1,"href":"https:\/\/sertv.gob.pa\/crisolfm\/wp-json\/wp\/v2\/posts\/20688\/revisions"}],"predecessor-version":[{"id":20690,"href":"https:\/\/sertv.gob.pa\/crisolfm\/wp-json\/wp\/v2\/posts\/20688\/revisions\/20690"}],"wp:featuredmedia":[{"embeddable":true,"href":"https:\/\/sertv.gob.pa\/crisolfm\/wp-json\/wp\/v2\/media\/20689"}],"wp:attachment":[{"href":"https:\/\/sertv.gob.pa\/crisolfm\/wp-json\/wp\/v2\/media?parent=20688"}],"wp:term":[{"taxonomy":"category","embeddable":true,"href":"https:\/\/sertv.gob.pa\/crisolfm\/wp-json\/wp\/v2\/categories?post=20688"},{"taxonomy":"post_tag","embeddable":true,"href":"https:\/\/sertv.gob.pa\/crisolfm\/wp-json\/wp\/v2\/tags?post=20688"}],"curies":[{"name":"wp","href":"https:\/\/api.w.org\/{rel}","templated":true}]}}