{"id":20705,"date":"2019-06-12T14:46:21","date_gmt":"2019-06-12T14:46:21","guid":{"rendered":"https:\/\/sertv.gob.pa\/crisolfm\/?p=20705"},"modified":"2019-06-12T14:46:21","modified_gmt":"2019-06-12T14:46:21","slug":"homenaje-a-la-ciudad-de-panama-en-el-domo-de-curundu","status":"publish","type":"post","link":"https:\/\/sertv.gob.pa\/crisolfm\/homenaje-a-la-ciudad-de-panama-en-el-domo-de-curundu\/","title":{"rendered":"Homenaje a la Ciudad de Panam\u00e1 en el Domo de Curund\u00fa"},"content":{"rendered":"<p>La Direcci\u00f3n de Cultura y la Vicerrector\u00eda de Extensi\u00f3n de la Universidad de Panam\u00e1 invitan al espect\u00e1culo art\u00edstico \u2018Panam\u00e1 m\u00edtico&#8217;, un homenaje a los 500 a\u00f1os de fundaci\u00f3n de la Ciudad de Panam\u00e1.<\/p>\n<p>La cita es el pr\u00f3ximo 26 de junio de 2019, a las 7:00 de la noche, en las instalaciones del Domo de Curund\u00fa. La entrada es general.<\/p>\n","protected":false},"excerpt":{"rendered":"<p>La Direcci\u00f3n de Cultura y la Vicerrector\u00eda de Extensi\u00f3n de <a href=\"https:\/\/sertv.gob.pa\/crisolfm\/homenaje-a-la-ciudad-de-panama-en-el-domo-de-curundu\/\"> [&#8230;]<\/a><\/p>\n","protected":false},"author":64,"featured_media":20706,"comment_status":"closed","ping_status":"closed","sticky":false,"template":"","format":"standard","meta":{"footnotes":""},"categories":[6],"tags":[],"class_list":["post-20705","post","type-post","status-publish","format-standard","has-post-thumbnail","hentry","category-culturales"],"_links":{"self":[{"href":"https:\/\/sertv.gob.pa\/crisolfm\/wp-json\/wp\/v2\/posts\/20705","targetHints":{"allow":["GET"]}}],"collection":[{"href":"https:\/\/sertv.gob.pa\/crisolfm\/wp-json\/wp\/v2\/posts"}],"about":[{"href":"https:\/\/sertv.gob.pa\/crisolfm\/wp-json\/wp\/v2\/types\/post"}],"author":[{"embeddable":true,"href":"https:\/\/sertv.gob.pa\/crisolfm\/wp-json\/wp\/v2\/users\/64"}],"replies":[{"embeddable":true,"href":"https:\/\/sertv.gob.pa\/crisolfm\/wp-json\/wp\/v2\/comments?post=20705"}],"version-history":[{"count":1,"href":"https:\/\/sertv.gob.pa\/crisolfm\/wp-json\/wp\/v2\/posts\/20705\/revisions"}],"predecessor-version":[{"id":20707,"href":"https:\/\/sertv.gob.pa\/crisolfm\/wp-json\/wp\/v2\/posts\/20705\/revisions\/20707"}],"wp:featuredmedia":[{"embeddable":true,"href":"https:\/\/sertv.gob.pa\/crisolfm\/wp-json\/wp\/v2\/media\/20706"}],"wp:attachment":[{"href":"https:\/\/sertv.gob.pa\/crisolfm\/wp-json\/wp\/v2\/media?parent=20705"}],"wp:term":[{"taxonomy":"category","embeddable":true,"href":"https:\/\/sertv.gob.pa\/crisolfm\/wp-json\/wp\/v2\/categories?post=20705"},{"taxonomy":"post_tag","embeddable":true,"href":"https:\/\/sertv.gob.pa\/crisolfm\/wp-json\/wp\/v2\/tags?post=20705"}],"curies":[{"name":"wp","href":"https:\/\/api.w.org\/{rel}","templated":true}]}}