{"id":20718,"date":"2019-06-13T13:51:46","date_gmt":"2019-06-13T13:51:46","guid":{"rendered":"https:\/\/sertv.gob.pa\/crisolfm\/?p=20718"},"modified":"2019-06-13T13:51:46","modified_gmt":"2019-06-13T13:51:46","slug":"la-impresionante-cabeza-de-lobo-gigante-de-mas-de-30-000-anos-hallada-en-siberia","status":"publish","type":"post","link":"https:\/\/sertv.gob.pa\/crisolfm\/la-impresionante-cabeza-de-lobo-gigante-de-mas-de-30-000-anos-hallada-en-siberia\/","title":{"rendered":"La impresionante cabeza de lobo gigante de m\u00e1s de 30.000 a\u00f1os hallada en Siberia"},"content":{"rendered":"<p>Sus colmillos e incluso su cerebro est\u00e1n incre\u00edblemente preservados. Y se trata de la primera cabeza intacta de un lobo adulto de la Edad de Hielo. La cabeza fue encontrada en Siberia y perteneci\u00f3 a un lobo que <strong>vivi\u00f3 en el Pleistoceno, hace m\u00e1s de 30.000 a\u00f1os<\/strong>.<\/p>\n<p>El hallazgo fue estudiado por investigadores en Rusia, Suecia y Jap\u00f3n, y fue presentado al p\u00fablico en una exhibici\u00f3n en el Museo Nacional de Ciencia e Innovaci\u00f3n de Tokio. <strong>La cabeza tiene 40 cm de largo<\/strong> y es mucho m\u00e1s grande que la de un lobo actual, que mide entre 23 y 28 cm.<\/p>\n<p>Los cient\u00edficos esperan que los restos ayuden a entender qu\u00e9 sucedi\u00f3 con este gran depredador que convivi\u00f3 en Europa y Asia junto a especies como el mamut lanudo.<\/p>\n<p>&nbsp;<\/p>\n<p>BBC Mundo<\/p>\n","protected":false},"excerpt":{"rendered":"<p>Sus colmillos e incluso su cerebro est\u00e1n incre\u00edblemente preservados. Y <a href=\"https:\/\/sertv.gob.pa\/crisolfm\/la-impresionante-cabeza-de-lobo-gigante-de-mas-de-30-000-anos-hallada-en-siberia\/\"> [&#8230;]<\/a><\/p>\n","protected":false},"author":64,"featured_media":20719,"comment_status":"closed","ping_status":"closed","sticky":false,"template":"","format":"standard","meta":{"footnotes":""},"categories":[7],"tags":[],"class_list":["post-20718","post","type-post","status-publish","format-standard","has-post-thumbnail","hentry","category-ecologicas"],"_links":{"self":[{"href":"https:\/\/sertv.gob.pa\/crisolfm\/wp-json\/wp\/v2\/posts\/20718","targetHints":{"allow":["GET"]}}],"collection":[{"href":"https:\/\/sertv.gob.pa\/crisolfm\/wp-json\/wp\/v2\/posts"}],"about":[{"href":"https:\/\/sertv.gob.pa\/crisolfm\/wp-json\/wp\/v2\/types\/post"}],"author":[{"embeddable":true,"href":"https:\/\/sertv.gob.pa\/crisolfm\/wp-json\/wp\/v2\/users\/64"}],"replies":[{"embeddable":true,"href":"https:\/\/sertv.gob.pa\/crisolfm\/wp-json\/wp\/v2\/comments?post=20718"}],"version-history":[{"count":1,"href":"https:\/\/sertv.gob.pa\/crisolfm\/wp-json\/wp\/v2\/posts\/20718\/revisions"}],"predecessor-version":[{"id":20720,"href":"https:\/\/sertv.gob.pa\/crisolfm\/wp-json\/wp\/v2\/posts\/20718\/revisions\/20720"}],"wp:featuredmedia":[{"embeddable":true,"href":"https:\/\/sertv.gob.pa\/crisolfm\/wp-json\/wp\/v2\/media\/20719"}],"wp:attachment":[{"href":"https:\/\/sertv.gob.pa\/crisolfm\/wp-json\/wp\/v2\/media?parent=20718"}],"wp:term":[{"taxonomy":"category","embeddable":true,"href":"https:\/\/sertv.gob.pa\/crisolfm\/wp-json\/wp\/v2\/categories?post=20718"},{"taxonomy":"post_tag","embeddable":true,"href":"https:\/\/sertv.gob.pa\/crisolfm\/wp-json\/wp\/v2\/tags?post=20718"}],"curies":[{"name":"wp","href":"https:\/\/api.w.org\/{rel}","templated":true}]}}