{"id":20726,"date":"2019-06-13T14:15:18","date_gmt":"2019-06-13T14:15:18","guid":{"rendered":"https:\/\/sertv.gob.pa\/crisolfm\/?p=20726"},"modified":"2019-06-13T14:15:18","modified_gmt":"2019-06-13T14:15:18","slug":"nueva-exhibicion-en-museo-de-arte-contemporaneo-mac","status":"publish","type":"post","link":"https:\/\/sertv.gob.pa\/crisolfm\/nueva-exhibicion-en-museo-de-arte-contemporaneo-mac\/","title":{"rendered":"Nueva exhibici\u00f3n en Museo de Arte Contempor\u00e1neo (MAC)"},"content":{"rendered":"<p>El Museo de Arte Contempor\u00e1neo (MAC) invita a la inauguraci\u00f3n de la exhibici\u00f3n \u2018Cruz-Diez. El color haci\u00e9ndose&#8217;, del c\u00e9lebre artista Carlos Cruz Diez, quien es uno de los artistas contempor\u00e1neos m\u00e1s influyentes en el mundo y en la producci\u00f3n paname\u00f1a.<\/p>\n<p>La cita es el pr\u00f3ximo 23 de junio de 2019. La entrada es general.<\/p>\n","protected":false},"excerpt":{"rendered":"<p>El Museo de Arte Contempor\u00e1neo (MAC) invita a la inauguraci\u00f3n <a href=\"https:\/\/sertv.gob.pa\/crisolfm\/nueva-exhibicion-en-museo-de-arte-contemporaneo-mac\/\"> [&#8230;]<\/a><\/p>\n","protected":false},"author":64,"featured_media":20727,"comment_status":"closed","ping_status":"closed","sticky":false,"template":"","format":"standard","meta":{"footnotes":""},"categories":[6],"tags":[],"class_list":["post-20726","post","type-post","status-publish","format-standard","has-post-thumbnail","hentry","category-culturales"],"_links":{"self":[{"href":"https:\/\/sertv.gob.pa\/crisolfm\/wp-json\/wp\/v2\/posts\/20726","targetHints":{"allow":["GET"]}}],"collection":[{"href":"https:\/\/sertv.gob.pa\/crisolfm\/wp-json\/wp\/v2\/posts"}],"about":[{"href":"https:\/\/sertv.gob.pa\/crisolfm\/wp-json\/wp\/v2\/types\/post"}],"author":[{"embeddable":true,"href":"https:\/\/sertv.gob.pa\/crisolfm\/wp-json\/wp\/v2\/users\/64"}],"replies":[{"embeddable":true,"href":"https:\/\/sertv.gob.pa\/crisolfm\/wp-json\/wp\/v2\/comments?post=20726"}],"version-history":[{"count":1,"href":"https:\/\/sertv.gob.pa\/crisolfm\/wp-json\/wp\/v2\/posts\/20726\/revisions"}],"predecessor-version":[{"id":20728,"href":"https:\/\/sertv.gob.pa\/crisolfm\/wp-json\/wp\/v2\/posts\/20726\/revisions\/20728"}],"wp:featuredmedia":[{"embeddable":true,"href":"https:\/\/sertv.gob.pa\/crisolfm\/wp-json\/wp\/v2\/media\/20727"}],"wp:attachment":[{"href":"https:\/\/sertv.gob.pa\/crisolfm\/wp-json\/wp\/v2\/media?parent=20726"}],"wp:term":[{"taxonomy":"category","embeddable":true,"href":"https:\/\/sertv.gob.pa\/crisolfm\/wp-json\/wp\/v2\/categories?post=20726"},{"taxonomy":"post_tag","embeddable":true,"href":"https:\/\/sertv.gob.pa\/crisolfm\/wp-json\/wp\/v2\/tags?post=20726"}],"curies":[{"name":"wp","href":"https:\/\/api.w.org\/{rel}","templated":true}]}}